{"id":2070,"date":"2016-01-12T21:26:29","date_gmt":"2016-01-12T20:26:29","guid":{"rendered":"http:\/\/kirche-ostenfeld.de\/wordpress\/?p=2070"},"modified":"2016-01-12T21:29:12","modified_gmt":"2016-01-12T20:29:12","slug":"wachsen-konnen-in-jeder-hinsicht","status":"publish","type":"post","link":"https:\/\/kirche-ostenfeld.de\/wordpress\/archives\/2070","title":{"rendered":"Wachsen k\u00f6nnen in jeder Hinsicht"},"content":{"rendered":"<p><a href=\"https:\/\/kirche-ostenfeld.de\/wordpress\/wp-content\/uploads\/2016\/01\/Silke-Bohnenkamp-k.jpg\"><img loading=\"lazy\" decoding=\"async\" class=\"alignleft size-medium wp-image-2071\" title=\"Silke Bohnenkamp k\" src=\"https:\/\/kirche-ostenfeld.de\/wordpress\/wp-content\/uploads\/2016\/01\/Silke-Bohnenkamp-k-200x300.jpg\" alt=\"\" width=\"162\" height=\"243\" srcset=\"https:\/\/kirche-ostenfeld.de\/wordpress\/wp-content\/uploads\/2016\/01\/Silke-Bohnenkamp-k-200x300.jpg 200w, https:\/\/kirche-ostenfeld.de\/wordpress\/wp-content\/uploads\/2016\/01\/Silke-Bohnenkamp-k.jpg 683w\" sizes=\"auto, (max-width: 162px) 100vw, 162px\" \/><\/a>Vielleicht haben Sie schon geh\u00f6rt, dass f\u00fcr die l\u00e4nger erkrankte Kindergartenleiterin Renate Schmitz eine Vertretung eingestellt wurde. Wir stellen sie vor.<\/p>\n<p><em>Frau Bohnenkamp, vielleicht m\u00f6gen Sie ein bisschen von sich erz\u00e4hlen?!<\/em><\/p>\n<p>Ja, gerne! Mein Name ist Silke Bohnenkamp, und ich bin 2009 mit meinem  Mann von Bielefeld nach Bredstedt gekommen. Ich bin Gemeindep\u00e4dagogin  und Erzieherin und war \u00fcber zehn Jahre in verschiedenen Kirchengemeinden  in der Kinder- und Jugendarbeit t\u00e4tig.<br \/>\nSeit der Geburt unseres Sohnes 2012 liegt nun mein Schwerpunkt in der fr\u00fchkindlichen P\u00e4dagogik. Neben Vertretungen im Kindergarten und in der Krippe biete ich f\u00fcr die Ev. Familienbildungsst\u00e4tte Gruppen und Projekte an und leite in unserem Sportverein eine Kinderturngruppe.<br \/>\nDiese T\u00e4tigkeiten werden in den n\u00e4chsten Monaten ruhen, da ich erst mal die Kinder, die Erzieherinnen und die Einrichtung hier kennen lernen und mich in die vielf\u00e4ltigen Aufgaben einarbeiten m\u00f6chte.<\/p>\n<p><em>Sie haben es schon ein bisschen angedeutet, wo schl\u00e4gt Ihr Herz in der Kita-Arbeit? Was ist Ihnen wichtig? <\/em><\/p>\n<p><em><!--more--><\/em>Ganz oben an steht f\u00fcr mich, dass Kinder sich in der Kindertagesst\u00e4tte entwickeln k\u00f6nnen \u2013 dass sie hier wachsen k\u00f6nnen in jeder Hinsicht. Und dass sie darin begleitet und gef\u00f6rdert werden, mit Liebe und Fantasie!<\/p>\n<p><em>Nach ein paar Wochen der Eingew\u00f6hnung: Was steht in Ostenfeld jetzt an?<\/em><\/p>\n<p>Einen kleinen Einblick konnte ich in den vergangenen Wochen schon gewinnen und durfte mich in die weihnachtliche Stimmung beim Singen und Erz\u00e4hlen hineinnehmen lassen. In den letzten Monaten ist hier im Kindergarten viel Bewegung gewesen. Durch Personalwechsel und nicht wenige krankheitsbedingte Ausf\u00e4lle war es f\u00fcr das Team nicht leicht, den Alltag aufrecht zu erhalten.<br \/>\nF\u00fcr die Zeit der Vertretung ist es mir besonders wichtig, dass die Erzieherinnen sich wieder ganz der Gruppenarbeit widmen k\u00f6nnen und dass die Eltern einen Ansprechpartner f\u00fcr die Anliegen haben, die \u00fcber den Gruppenalltag hinausgehen.<\/p>\n<p><em>Vielen Dank f\u00fcr das Gespr\u00e4ch und alles Gute f\u00fcr Ihre Arbeit hier in Ostenfeld!<\/em><\/p>\n<div id=\"_mcePaste\" style=\"position: absolute; left: -10000px; top: 0px; width: 1px; height: 1px; overflow: hidden;\"><!--[if !mso]> <mce:style><!  v\\:* {behavior:url(#default#VML);} o\\:* {behavior:url(#default#VML);} b\\:* {behavior:url(#default#VML);} .shape {behavior:url(#default#VML);} --> <!--[endif] --><\/p>\n<p class=\"MsoNormal\" style=\"mso-pagination: none; text-align: justify; text-justify: inter-word; line-height: 110%;\"><span style=\"font-family: Verdana; mso-default-font-family: Verdana; mso-ascii-font-family: Verdana; mso-latin-font-family: Verdana; mso-greek-font-family: Verdana; mso-cyrillic-font-family: Verdana; mso-armenian-font-family: Verdana; mso-hebrew-font-family: Verdana; mso-thai-font-family: Verdana; mso-currency-font-family: Verdana; mso-latinext-font-family: Verdana; color: black; language: DE; mso-ansi-language: DE;\">Vielleicht haben Sie schon geh\u00f6rt, dass f\u00fcr die l\u00e4nger erkrankte Kindergartenleiterin Renate Schmitz eine Vertretung eingestellt wurde. Wir stellen sie vor:<\/span><\/p>\n<p class=\"MsoNormal\" style=\"mso-pagination: none; text-align: justify; text-justify: inter-word; line-height: 110%;\"><span style=\"font-family: Verdana; mso-default-font-family: Verdana; mso-ascii-font-family: Verdana; mso-latin-font-family: Verdana; mso-greek-font-family: Verdana; mso-cyrillic-font-family: Verdana; mso-armenian-font-family: Verdana; mso-hebrew-font-family: Verdana; mso-thai-font-family: Verdana; mso-currency-font-family: Verdana; mso-latinext-font-family: Verdana; color: black; font-weight: bold; language: DE; mso-ansi-language: DE;\"> <\/span><\/p>\n<p class=\"MsoNormal\" style=\"mso-pagination: none; line-height: 110%;\"><span style=\"font-family: Verdana; mso-default-font-family: Verdana; mso-ascii-font-family: Verdana; mso-latin-font-family: Verdana; mso-greek-font-family: Verdana; mso-cyrillic-font-family: Verdana; mso-armenian-font-family: Verdana; mso-hebrew-font-family: Verdana; mso-thai-font-family: Verdana; mso-currency-font-family: Verdana; mso-latinext-font-family: Verdana; color: black; font-style: italic; font-weight: bold; language: DE; mso-ansi-language: DE;\">Frau Bohnenkamp, vielleicht m\u00f6gen Sie ein bisschen von sich erz\u00e4hlen?!<\/span><\/p>\n<p class=\"MsoNormal\" style=\"mso-pagination: none; line-height: 110%;\"><span style=\"font-family: Verdana; mso-default-font-family: Verdana; mso-ascii-font-family: Verdana; mso-latin-font-family: Verdana; mso-greek-font-family: Verdana; mso-cyrillic-font-family: Verdana; mso-armenian-font-family: Verdana; mso-hebrew-font-family: Verdana; mso-thai-font-family: Verdana; mso-currency-font-family: Verdana; mso-latinext-font-family: Verdana; color: black; font-style: italic; font-weight: bold; language: DE; mso-ansi-language: DE;\"> <\/span><\/p>\n<p class=\"MsoNormal\" style=\"mso-pagination: none; text-align: justify; text-justify: inter-word; line-height: 110%;\"><span style=\"font-family: Verdana; mso-default-font-family: Verdana; mso-ascii-font-family: Verdana; mso-latin-font-family: Verdana; mso-greek-font-family: Verdana; mso-cyrillic-font-family: Verdana; mso-armenian-font-family: Verdana; mso-hebrew-font-family: Verdana; mso-thai-font-family: Verdana; mso-currency-font-family: Verdana; mso-latinext-font-family: Verdana; color: black; language: DE; mso-ansi-language: DE;\">Ja, gerne! Mein Name ist Silke Bohnenkamp, und ich bin 2009 mit meinem Mann von Bielefeld nach Bredstedt gekommen. Ich bin Gemeindep\u00e4dagogin und Erzieherin und war \u00fcber zehn Jahre in verschiedenen Kirchengemeinden in der Kinder- und Jugendarbeit t\u00e4tig.<\/span><\/p>\n<p class=\"MsoNormal\" style=\"mso-pagination: none; text-align: justify; text-justify: inter-word; line-height: 110%;\"><span style=\"font-family: Verdana; mso-default-font-family: Verdana; mso-ascii-font-family: Verdana; mso-latin-font-family: Verdana; mso-greek-font-family: Verdana; mso-cyrillic-font-family: Verdana; mso-armenian-font-family: Verdana; mso-hebrew-font-family: Verdana; mso-thai-font-family: Verdana; mso-currency-font-family: Verdana; mso-latinext-font-family: Verdana; color: black; language: DE; mso-ansi-language: DE;\">Seit der Geburt unseres Sohnes 2012 liegt nun mein Schwerpunkt in der fr\u00fchkindlichen P\u00e4dagogik. Neben Vertretungen im Kindergarten und in der Krippe biete ich f\u00fcr die Ev. Familienbildungsst\u00e4tte Gruppen und Projekte an und leite in unserem Sportverein eine Kinderturngruppe.<\/span><\/p>\n<p class=\"MsoNormal\" style=\"mso-pagination: none; text-align: justify; text-justify: inter-word; line-height: 110%;\"><span style=\"font-family: Verdana; mso-default-font-family: Verdana; mso-ascii-font-family: Verdana; mso-latin-font-family: Verdana; mso-greek-font-family: Verdana; mso-cyrillic-font-family: Verdana; mso-armenian-font-family: Verdana; mso-hebrew-font-family: Verdana; mso-thai-font-family: Verdana; mso-currency-font-family: Verdana; mso-latinext-font-family: Verdana; color: black; language: DE; mso-ansi-language: DE;\">Diese T\u00e4tigkeiten werden in den n\u00e4chsten Monaten ruhen, da ich erst mal die Kinder, die Erzieherinnen und die Einrichtung hier kennen lernen und mich in die vielf\u00e4ltigen Aufgaben einarbeiten m\u00f6chte.<\/span><\/p>\n<p class=\"MsoNormal\" style=\"mso-pagination: none; line-height: 110%;\"><span style=\"font-family: Verdana; mso-default-font-family: Verdana; mso-ascii-font-family: Verdana; mso-latin-font-family: Verdana; mso-greek-font-family: Verdana; mso-cyrillic-font-family: Verdana; mso-armenian-font-family: Verdana; mso-hebrew-font-family: Verdana; mso-thai-font-family: Verdana; mso-currency-font-family: Verdana; mso-latinext-font-family: Verdana; color: black; font-style: italic; font-weight: bold; language: DE; mso-ansi-language: DE;\">Sie haben es schon ein bisschen angedeutet, wo schl\u00e4gt Ihr Herz in der Kita-Arbeit? Was ist Ihnen wichtig?<\/span><\/p>\n<p class=\"MsoNormal\" style=\"mso-pagination: none; line-height: 110%;\"><span style=\"font-family: Verdana; mso-default-font-family: Verdana; mso-ascii-font-family: Verdana; mso-latin-font-family: Verdana; mso-greek-font-family: Verdana; mso-cyrillic-font-family: Verdana; mso-armenian-font-family: Verdana; mso-hebrew-font-family: Verdana; mso-thai-font-family: Verdana; mso-currency-font-family: Verdana; mso-latinext-font-family: Verdana; color: black; font-style: italic; font-weight: bold; language: DE; mso-ansi-language: DE;\"> <\/span><\/p>\n<p class=\"MsoNormal\" style=\"mso-pagination: none; text-align: justify; text-justify: inter-word; line-height: 110%;\"><span style=\"font-family: Verdana; mso-default-font-family: Verdana; mso-ascii-font-family: Verdana; mso-latin-font-family: Verdana; mso-greek-font-family: Verdana; mso-cyrillic-font-family: Verdana; mso-armenian-font-family: Verdana; mso-hebrew-font-family: Verdana; mso-thai-font-family: Verdana; mso-currency-font-family: Verdana; mso-latinext-font-family: Verdana; color: black; language: DE; mso-ansi-language: DE;\">Ganz oben an steht f\u00fcr mich, dass Kinder sich in der Kindertagesst\u00e4tte entwickeln k\u00f6nnen \u2013 dass sie hier wachsen k\u00f6nnen in jeder Hinsicht. Und dass sie darin begleitet und gef\u00f6rdert werden, mit Liebe und Fantasie!<\/span><\/p>\n<p class=\"MsoNormal\" style=\"mso-pagination: none; line-height: 110%;\"><span style=\"font-family: Verdana; mso-default-font-family: Verdana; mso-ascii-font-family: Verdana; mso-latin-font-family: Verdana; mso-greek-font-family: Verdana; mso-cyrillic-font-family: Verdana; mso-armenian-font-family: Verdana; mso-hebrew-font-family: Verdana; mso-thai-font-family: Verdana; mso-currency-font-family: Verdana; mso-latinext-font-family: Verdana; color: black; font-weight: bold; language: DE; mso-ansi-language: DE;\"> <\/span><\/p>\n<p class=\"MsoNormal\" style=\"mso-pagination: none; line-height: 110%;\"><span style=\"font-family: Verdana; mso-default-font-family: Verdana; mso-ascii-font-family: Verdana; mso-latin-font-family: Verdana; mso-greek-font-family: Verdana; mso-cyrillic-font-family: Verdana; mso-armenian-font-family: Verdana; mso-hebrew-font-family: Verdana; mso-thai-font-family: Verdana; mso-currency-font-family: Verdana; mso-latinext-font-family: Verdana; color: black; font-style: italic; font-weight: bold; language: DE; mso-ansi-language: DE;\">Nach ein paar Wochen der Eingew\u00f6hnung: Was steht <\/span><\/p>\n<p class=\"MsoNormal\" style=\"mso-pagination: none; line-height: 110%;\"><span style=\"font-family: Verdana; mso-default-font-family: Verdana; mso-ascii-font-family: Verdana; mso-latin-font-family: Verdana; mso-greek-font-family: Verdana; mso-cyrillic-font-family: Verdana; mso-armenian-font-family: Verdana; mso-hebrew-font-family: Verdana; mso-thai-font-family: Verdana; mso-currency-font-family: Verdana; mso-latinext-font-family: Verdana; color: black; font-style: italic; font-weight: bold; language: DE; mso-ansi-language: DE;\">in Ostenfeld jetzt an?<\/span><\/p>\n<p class=\"MsoNormal\" style=\"mso-pagination: none; text-align: justify; text-justify: inter-word; line-height: 110%;\"><span style=\"font-family: Verdana; mso-default-font-family: Verdana; mso-ascii-font-family: Verdana; mso-latin-font-family: Verdana; mso-greek-font-family: Verdana; mso-cyrillic-font-family: Verdana; mso-armenian-font-family: Verdana; mso-hebrew-font-family: Verdana; mso-thai-font-family: Verdana; mso-currency-font-family: Verdana; mso-latinext-font-family: Verdana; color: black; language: DE; mso-ansi-language: DE;\">Einen kleinen Einblick konnte ich <\/span><span style=\"font-family: Verdana; mso-default-font-family: Verdana; mso-ascii-font-family: Verdana; mso-latin-font-family: Verdana; mso-greek-font-family: Verdana; mso-cyrillic-font-family: Verdana; mso-armenian-font-family: Verdana; mso-hebrew-font-family: Verdana; mso-thai-font-family: Verdana; mso-currency-font-family: Verdana; mso-latinext-font-family: Verdana; language: DE; mso-ansi-language: DE;\">in den vergangenen Wochen<\/span><span style=\"font-family: Verdana; mso-default-font-family: Verdana; mso-ascii-font-family: Verdana; mso-latin-font-family: Verdana; mso-greek-font-family: Verdana; mso-cyrillic-font-family: Verdana; mso-armenian-font-family: Verdana; mso-hebrew-font-family: Verdana; mso-thai-font-family: Verdana; mso-currency-font-family: Verdana; mso-latinext-font-family: Verdana; color: red; language: DE; mso-ansi-language: DE;\"> <\/span><span style=\"font-family: Verdana; mso-default-font-family: Verdana; mso-ascii-font-family: Verdana; mso-latin-font-family: Verdana; mso-greek-font-family: Verdana; mso-cyrillic-font-family: Verdana; mso-armenian-font-family: Verdana; mso-hebrew-font-family: Verdana; mso-thai-font-family: Verdana; mso-currency-font-family: Verdana; mso-latinext-font-family: Verdana; color: black; language: DE; mso-ansi-language: DE;\">schon gewinnen und durfte mich in die weihnachtliche Stimmung beim Singen und Erz\u00e4hlen hineinnehmen lassen. In den letzten Monaten ist hier im Kindergarten viel Bewegung gewesen. Durch Personalwechsel und nicht wenige krankheitsbedingte Ausf\u00e4lle war es f\u00fcr das Team nicht leicht, den Alltag aufrecht zu erhalten.<\/span><\/p>\n<p class=\"MsoNormal\" style=\"mso-pagination: none; text-align: justify; text-justify: inter-word; line-height: 110%;\"><span style=\"font-family: Verdana; mso-default-font-family: Verdana; mso-ascii-font-family: Verdana; mso-latin-font-family: Verdana; mso-greek-font-family: Verdana; mso-cyrillic-font-family: Verdana; mso-armenian-font-family: Verdana; mso-hebrew-font-family: Verdana; mso-thai-font-family: Verdana; mso-currency-font-family: Verdana; mso-latinext-font-family: Verdana; color: black; language: DE; mso-ansi-language: DE;\">F\u00fcr die Zeit der Vertretung ist es mir besonders wichtig, dass die Erzieherinnen sich wieder ganz der Gruppenarbeit widmen k\u00f6nnen und dass die Eltern einen Ansprechpartner f\u00fcr die Anliegen haben, die \u00fcber den Gruppenalltag hinausgehen.<\/span><\/p>\n<p class=\"MsoNormal\" style=\"mso-pagination: none; text-align: justify; text-justify: newspaper; text-kashida-space: 50%; line-height: 110%;\"><span style=\"font-family: Verdana; mso-default-font-family: Verdana; mso-ascii-font-family: Verdana; mso-latin-font-family: Verdana; mso-greek-font-family: Verdana; mso-cyrillic-font-family: Verdana; mso-armenian-font-family: Verdana; mso-hebrew-font-family: Verdana; mso-thai-font-family: Verdana; mso-currency-font-family: Verdana; mso-latinext-font-family: Verdana; color: black; font-weight: bold; language: DE; mso-ansi-language: DE;\"> <\/span><\/p>\n<p class=\"MsoNormal\" style=\"mso-pagination: none;\"><span style=\"font-family: Verdana; mso-default-font-family: Verdana; mso-ascii-font-family: Verdana; mso-latin-font-family: Verdana; mso-greek-font-family: Verdana; mso-cyrillic-font-family: Verdana; mso-armenian-font-family: Verdana; mso-hebrew-font-family: Verdana; mso-thai-font-family: Verdana; mso-currency-font-family: Verdana; mso-latinext-font-family: Verdana; color: black; font-style: italic; font-weight: bold; language: DE; mso-ansi-language: DE;\">Vielen Dank f\u00fcr das Gespr\u00e4ch und alles Gute f\u00fcr Ihre Arbeit hier in Ostenfeld!<\/span><\/p>\n<p><!--[if pub]><xml> <b:Publication type=\"OplPub\" oty=\"68\" oh=\"256\"> <b:OhPrintBlock priv=\"30E\">280<\/b:OhPrintBlock> <b:NuDefaultUnits priv=\"1004\">1<\/b:NuDefaultUnits> <b:DptlPageDimensions type=\"OplPt\" priv=\"1211\"> <b:Xl priv=\"104\">7560000<\/b:Xl> <b:Yl priv=\"204\">10692000<\/b:Yl> <\/b:DptlPageDimensions> <b:DxlDefaultTab priv=\"1504\">359410<\/b:DxlDefaultTab> <b:OhGallery priv=\"180E\">259<\/b:OhGallery> <b:OhFancyBorders priv=\"190E\">261<\/b:OhFancyBorders> <b:OhCaptions priv=\"1A0E\">257<\/b:OhCaptions> <b:OhQuillDoc priv=\"200E\">275<\/b:OhQuillDoc> <b:OhMailMergeData priv=\"210E\">262<\/b:OhMailMergeData> <b:OhColorScheme priv=\"220E\">278<\/b:OhColorScheme> <b:DwNextUniqueOid priv=\"2304\">1<\/b:DwNextUniqueOid> <b:IdentGUID priv=\"2A07\">0M(6`0OC`HT&quot;NI9UEE`-[A@<\/b:IdentGUID> <b:DpgSpecial priv=\"2C03\">5<\/b:DpgSpecial> <b:CTimesEdited priv=\"3C04\">1<\/b:CTimesEdited> <b:NuDefaultUnitsEx priv=\"4104\">1<\/b:NuDefaultUnitsEx> <\/b:Publication> <b:PrinterInfo type=\"OplPrb\" oty=\"75\" oh=\"280\"> <b:OhColorSepBlock priv=\"30E\">281<\/b:OhColorSepBlock> <b:FInitComplete priv=\"1400\">False<\/b:FInitComplete> <b:DpiX priv=\"2203\">0<\/b:DpiX> <b:DpiY priv=\"2303\">0<\/b:DpiY> <\/b:PrinterInfo> <b:ColorSeperationInfo type=\"OplCsb\" oty=\"79\" oh=\"281\"> <b:Plates type=\"OplCsp\" priv=\"214\"> <b:OplCsp type=\"OplCsp\" priv=\"11\"> <b:EcpPlate type=\"OplEcp\" priv=\"213\"> <b:Color priv=\"104\">-1<\/b:Color> <\/b:EcpPlate> <\/b:OplCsp> <\/b:Plates> <b:DzlOverprintMost priv=\"304\">304800<\/b:DzlOverprintMost> <b:CprOverprintMin priv=\"404\">243<\/b:CprOverprintMin> <b:FKeepawayTrap priv=\"700\">True<\/b:FKeepawayTrap> <b:CprTrapMin1 priv=\"904\">128<\/b:CprTrapMin1> <b:CprTrapMin2 priv=\"A04\">77<\/b:CprTrapMin2> <b:CprKeepawayMin priv=\"B04\">255<\/b:CprKeepawayMin> <b:DzlTrap priv=\"C04\">3175<\/b:DzlTrap> <b:DzlIndTrap priv=\"D04\">3175<\/b:DzlIndTrap> <b:PctCenterline priv=\"E04\">70<\/b:PctCenterline> <b:FMarksRegistration priv=\"F00\">True<\/b:FMarksRegistration> <b:FMarksJob priv=\"1000\">True<\/b:FMarksJob> <b:FMarksDensity priv=\"1100\">True<\/b:FMarksDensity> <b:FMarksColor priv=\"1200\">True<\/b:FMarksColor> <b:FLineScreenDefault priv=\"1300\">True<\/b:FLineScreenDefault> <\/b:ColorSeperationInfo> <b:TextDocProperties type=\"OplDocq\" oty=\"91\" oh=\"275\"> <b:OhPlcqsb priv=\"20E\">277<\/b:OhPlcqsb> <b:EcpSplitMenu type=\"OplEcp\" priv=\"A13\"> <b:Color>134217728<\/b:Color> <\/b:EcpSplitMenu> <\/b:TextDocProperties> <b:StoryBlock type=\"OplPlcQsb\" oty=\"101\" oh=\"277\"> <b:IqsbMax priv=\"104\">1<\/b:IqsbMax> <b:Rgqsb type=\"OplQsb\" priv=\"214\"> <b:OplQsb type=\"OplQsb\" priv=\"11\"> <b:Qsid priv=\"104\">1<\/b:Qsid> <b:TomfCopyfitBase priv=\"80B\">-9999996.000000<\/b:TomfCopyfitBase> <b:TomfCopyfitBase2 priv=\"90B\">-9999996.000000<\/b:TomfCopyfitBase2> <\/b:OplQsb> <\/b:Rgqsb> <\/b:StoryBlock> <b:ColorScheme type=\"OplSccm\" oty=\"92\" oh=\"278\"> <b:Cecp priv=\"104\">8<\/b:Cecp> <b:Rgecp type=\"OplEcp\" priv=\"214\"> <b:OplEcp priv=\"F\">Empty<\/b:OplEcp> <b:OplEcp type=\"OplEcp\" priv=\"111\"> <b:Color>16711680<\/b:Color> <\/b:OplEcp> <b:OplEcp type=\"OplEcp\" priv=\"211\"> <b:Color>52479<\/b:Color> <\/b:OplEcp> <b:OplEcp type=\"OplEcp\" priv=\"311\"> <b:Color>26367<\/b:Color> <\/b:OplEcp> <b:OplEcp type=\"OplEcp\" priv=\"411\"> <b:Color>13421772<\/b:Color> <\/b:OplEcp> <b:OplEcp type=\"OplEcp\" priv=\"511\"> <b:Color>16737792<\/b:Color> <\/b:OplEcp> <b:OplEcp type=\"OplEcp\" priv=\"611\"> <b:Color>13382502<\/b:Color> <\/b:OplEcp> <b:OplEcp type=\"OplEcp\" priv=\"711\"> <b:Color>16777215<\/b:Color> <\/b:OplEcp> <\/b:Rgecp> <b:SzSchemeName priv=\"618\">H\u00fcttens\u00e4nger<\/b:SzSchemeName> <\/b:ColorScheme> <\/xml><![endif]--><!--[if pub]><xml> <b:Page type=\"OplPd\" oty=\"67\" oh=\"265\"> <b:PtlvOrigin type=\"OplPt\" priv=\"511\"> <b:Xl>22858575<\/b:Xl> <b:Yl>22852950<\/b:Yl> <\/b:PtlvOrigin> <b:Oid priv=\"605\">(`@`````````<\/b:Oid> <b:OhoplWebPageProps priv=\"90E\">266<\/b:OhoplWebPageProps> <b:OhpdMaster priv=\"D0D\">263<\/b:OhpdMaster> <b:PgtType priv=\"1004\">5<\/b:PgtType> <b:PtlvOriginEx type=\"OplPt\" priv=\"1111\"> <b:Xl>110183775<\/b:Xl> <b:Yl>110178150<\/b:Yl> <\/b:PtlvOriginEx> <\/b:Page> <\/xml><![endif]--><!--[if gte mso 9]><xml> <o:shapedefaults v:ext=\"edit\" spidmax=\"3075\" fill=\"f\" fillcolor=\"white [7]\"   strokecolor=\"black [0]\"> <v:fill color=\"white [7]\" color2=\"white [7]\" on=\"f\" \/> <v:stroke color=\"black [0]\" color2=\"white [7]\"> <o:left v:ext=\"view\" color=\"black [0]\" color2=\"white [7]\" \/> <o:top v:ext=\"view\" color=\"black [0]\" color2=\"white [7]\" \/> <o:right v:ext=\"view\" color=\"black [0]\" color2=\"white [7]\" \/> <o:bottom v:ext=\"view\" color=\"black [0]\" color2=\"white [7]\" \/> <o:column v:ext=\"view\" color=\"black [0]\" color2=\"white [7]\" \/> <\/v:stroke> <v:shadow color=\"#ccc [4]\" \/> <v:textbox inset=\"2.88pt,2.88pt,2.88pt,2.88pt\" \/> <o:colormenu v:ext=\"edit\" fillcolor=\"blue [1]\" strokecolor=\"black [0]\"    shadowcolor=\"#ccc [4]\" \/> <\/o:shapedefaults><o:shapelayout v:ext=\"edit\"> <o:idmap v:ext=\"edit\" data=\"1\" \/> <\/o:shapelayout><\/xml><![endif]--><\/p>\n<\/div>\n","protected":false},"excerpt":{"rendered":"<p>Vielleicht haben Sie schon geh\u00f6rt, dass f\u00fcr die l\u00e4nger erkrankte Kindergartenleiterin Renate Schmitz eine Vertretung eingestellt wurde. Wir stellen sie vor. Frau Bohnenkamp, vielleicht m\u00f6gen Sie ein bisschen von sich erz\u00e4hlen?! Ja, gerne! Mein Name ist Silke Bohnenkamp, und ich &hellip; <a href=\"https:\/\/kirche-ostenfeld.de\/wordpress\/archives\/2070\">Weiterlesen <span class=\"meta-nav\">&rarr;<\/span><\/a><\/p>\n","protected":false},"author":2,"featured_media":0,"comment_status":"closed","ping_status":"closed","sticky":false,"template":"","format":"standard","meta":{"footnotes":""},"categories":[1],"tags":[3],"class_list":["post-2070","post","type-post","status-publish","format-standard","hentry","category-allgemein","tag-kinder"],"_links":{"self":[{"href":"https:\/\/kirche-ostenfeld.de\/wordpress\/wp-json\/wp\/v2\/posts\/2070","targetHints":{"allow":["GET"]}}],"collection":[{"href":"https:\/\/kirche-ostenfeld.de\/wordpress\/wp-json\/wp\/v2\/posts"}],"about":[{"href":"https:\/\/kirche-ostenfeld.de\/wordpress\/wp-json\/wp\/v2\/types\/post"}],"author":[{"embeddable":true,"href":"https:\/\/kirche-ostenfeld.de\/wordpress\/wp-json\/wp\/v2\/users\/2"}],"replies":[{"embeddable":true,"href":"https:\/\/kirche-ostenfeld.de\/wordpress\/wp-json\/wp\/v2\/comments?post=2070"}],"version-history":[{"count":7,"href":"https:\/\/kirche-ostenfeld.de\/wordpress\/wp-json\/wp\/v2\/posts\/2070\/revisions"}],"predecessor-version":[{"id":2078,"href":"https:\/\/kirche-ostenfeld.de\/wordpress\/wp-json\/wp\/v2\/posts\/2070\/revisions\/2078"}],"wp:attachment":[{"href":"https:\/\/kirche-ostenfeld.de\/wordpress\/wp-json\/wp\/v2\/media?parent=2070"}],"wp:term":[{"taxonomy":"category","embeddable":true,"href":"https:\/\/kirche-ostenfeld.de\/wordpress\/wp-json\/wp\/v2\/categories?post=2070"},{"taxonomy":"post_tag","embeddable":true,"href":"https:\/\/kirche-ostenfeld.de\/wordpress\/wp-json\/wp\/v2\/tags?post=2070"}],"curies":[{"name":"wp","href":"https:\/\/api.w.org\/{rel}","templated":true}]}}