{"id":1978,"date":"2015-11-27T21:34:31","date_gmt":"2015-11-27T20:34:31","guid":{"rendered":"http:\/\/kirche-ostenfeld.de\/wordpress\/?p=1978"},"modified":"2015-11-27T21:35:00","modified_gmt":"2015-11-27T20:35:00","slug":"basar-am-ersten-advent-3","status":"publish","type":"post","link":"https:\/\/kirche-ostenfeld.de\/wordpress\/archives\/1978","title":{"rendered":"Basar am Ersten Advent"},"content":{"rendered":"<p><a href=\"https:\/\/kirche-ostenfeld.de\/wordpress\/wp-content\/uploads\/2015\/11\/Basar-2015-b.jpg\"><img loading=\"lazy\" decoding=\"async\" class=\"alignleft size-medium wp-image-1979\" title=\"SANYO DIGITAL CAMERA\" src=\"https:\/\/kirche-ostenfeld.de\/wordpress\/wp-content\/uploads\/2015\/11\/Basar-2015-b-300x224.jpg\" alt=\"\" width=\"300\" height=\"224\" srcset=\"https:\/\/kirche-ostenfeld.de\/wordpress\/wp-content\/uploads\/2015\/11\/Basar-2015-b-300x224.jpg 300w, https:\/\/kirche-ostenfeld.de\/wordpress\/wp-content\/uploads\/2015\/11\/Basar-2015-b.jpg 1024w\" sizes=\"auto, (max-width: 300px) 100vw, 300px\" \/><\/a>Zw\u00f6lf Damen (mal mehr, mal weniger) gestalten seit Januar aus ganz unterschiedlichen Materialien Dinge f\u00fcr den t\u00e4glichen Gebrauch oder zur Dekoration. Es ist gen\u00fcgend f\u00fcr alle da: Der Basar findet am Sonntag, den 29. November statt, also am Ersten Advent. Nach der Andacht auf dem Weihnachtsmarkt \u00f6ffnen sich die T\u00fcren des Gemeindehauses um 14.30 Uhr. Wer vor oder nach dem Kauf sch\u00f6ner Geschenke etwas auszuruhen m\u00f6chte, bekommt leckeren, alkoholfreien Apfelpunsch. Wie schon in den vergangenen Jahren wird der Erl\u00f6s des Basars gespendet: ein Teil geht an den Kirchbauverein, um die Renovierung der Orgeln zu unterst\u00fctzen, den anderen Teil erh\u00e4lt die Gemeindevertretung Ostenfeld f\u00fcr die Fl\u00fcchtlingsarbeit. Wir freuen uns auf einen sch\u00f6nen Nachmittag \u2013 und \u00fcber viele kauflustige Besucher &#8230;<\/p>\n","protected":false},"excerpt":{"rendered":"<p>Zw\u00f6lf Damen (mal mehr, mal weniger) gestalten seit Januar aus ganz unterschiedlichen Materialien Dinge f\u00fcr den t\u00e4glichen Gebrauch oder zur Dekoration. Es ist gen\u00fcgend f\u00fcr alle da: Der Basar findet am Sonntag, den 29. November statt, also am Ersten Advent. &hellip; <a href=\"https:\/\/kirche-ostenfeld.de\/wordpress\/archives\/1978\">Weiterlesen <span class=\"meta-nav\">&rarr;<\/span><\/a><\/p>\n","protected":false},"author":2,"featured_media":0,"comment_status":"closed","ping_status":"closed","sticky":false,"template":"","format":"standard","meta":{"footnotes":""},"categories":[1],"tags":[12,27],"class_list":["post-1978","post","type-post","status-publish","format-standard","hentry","category-allgemein","tag-angebote","tag-ehrenamt"],"_links":{"self":[{"href":"https:\/\/kirche-ostenfeld.de\/wordpress\/wp-json\/wp\/v2\/posts\/1978","targetHints":{"allow":["GET"]}}],"collection":[{"href":"https:\/\/kirche-ostenfeld.de\/wordpress\/wp-json\/wp\/v2\/posts"}],"about":[{"href":"https:\/\/kirche-ostenfeld.de\/wordpress\/wp-json\/wp\/v2\/types\/post"}],"author":[{"embeddable":true,"href":"https:\/\/kirche-ostenfeld.de\/wordpress\/wp-json\/wp\/v2\/users\/2"}],"replies":[{"embeddable":true,"href":"https:\/\/kirche-ostenfeld.de\/wordpress\/wp-json\/wp\/v2\/comments?post=1978"}],"version-history":[{"count":2,"href":"https:\/\/kirche-ostenfeld.de\/wordpress\/wp-json\/wp\/v2\/posts\/1978\/revisions"}],"predecessor-version":[{"id":1981,"href":"https:\/\/kirche-ostenfeld.de\/wordpress\/wp-json\/wp\/v2\/posts\/1978\/revisions\/1981"}],"wp:attachment":[{"href":"https:\/\/kirche-ostenfeld.de\/wordpress\/wp-json\/wp\/v2\/media?parent=1978"}],"wp:term":[{"taxonomy":"category","embeddable":true,"href":"https:\/\/kirche-ostenfeld.de\/wordpress\/wp-json\/wp\/v2\/categories?post=1978"},{"taxonomy":"post_tag","embeddable":true,"href":"https:\/\/kirche-ostenfeld.de\/wordpress\/wp-json\/wp\/v2\/tags?post=1978"}],"curies":[{"name":"wp","href":"https:\/\/api.w.org\/{rel}","templated":true}]}}