{"id":1935,"date":"2015-10-12T09:00:28","date_gmt":"2015-10-12T08:00:28","guid":{"rendered":"http:\/\/kirche-ostenfeld.de\/wordpress\/?p=1935"},"modified":"2015-10-12T09:05:06","modified_gmt":"2015-10-12T08:05:06","slug":"lebendiger-adventskalender-3","status":"publish","type":"post","link":"https:\/\/kirche-ostenfeld.de\/wordpress\/archives\/1935","title":{"rendered":"Lebendiger Adventskalender"},"content":{"rendered":"<p><a href=\"https:\/\/kirche-ostenfeld.de\/wordpress\/wp-content\/uploads\/2015\/10\/Kind-Kerze-Lichtschein-k.jpg\"><img loading=\"lazy\" decoding=\"async\" class=\"alignleft size-medium wp-image-1939\" title=\"Kind Kerze Lichtschein k\" src=\"https:\/\/kirche-ostenfeld.de\/wordpress\/wp-content\/uploads\/2015\/10\/Kind-Kerze-Lichtschein-k-300x199.jpg\" alt=\"\" width=\"300\" height=\"199\" srcset=\"https:\/\/kirche-ostenfeld.de\/wordpress\/wp-content\/uploads\/2015\/10\/Kind-Kerze-Lichtschein-k-300x199.jpg 300w, https:\/\/kirche-ostenfeld.de\/wordpress\/wp-content\/uploads\/2015\/10\/Kind-Kerze-Lichtschein-k.jpg 1024w\" sizes=\"auto, (max-width: 300px) 100vw, 300px\" \/><\/a>Auch in diesem Jahr soll es im Dezember wieder einen lebendigen Adventskalender geben. Abend f\u00fcr Abend wird sich im Advent irgendwo in unserer Gemeinde ein Fenster \u201e\u00f6ffnen\u201c, werden sich Menschen treffen, um eine Geschichte zu h\u00f6ren und miteinander zu singen. Wenn Sie gerne Gastgeber sein m\u00f6chten, k\u00f6nnen Sie sich ab sofort und bis zum 15. Oktober bei Martina Nissen melden, die netterweise gemeinsam mit Marlen Gildner und Hartmut Brunk die Organisation \u00fcbernommen hat (Telefon 04845 \/ 1003). Wenn sie nicht da ist, sprechen Sie bitte auf den Anrufbeantworter! Die \u00dcbersicht, wann der Adventskalender wo stattfindet, finden Sie im n\u00e4chsten St. Petri-Brief und nat\u00fcrlich auch an dieser Stelle.<\/p>\n","protected":false},"excerpt":{"rendered":"<p>Auch in diesem Jahr soll es im Dezember wieder einen lebendigen Adventskalender geben. Abend f\u00fcr Abend wird sich im Advent irgendwo in unserer Gemeinde ein Fenster \u201e\u00f6ffnen\u201c, werden sich Menschen treffen, um eine Geschichte zu h\u00f6ren und miteinander zu singen. &hellip; <a href=\"https:\/\/kirche-ostenfeld.de\/wordpress\/archives\/1935\">Weiterlesen <span class=\"meta-nav\">&rarr;<\/span><\/a><\/p>\n","protected":false},"author":2,"featured_media":0,"comment_status":"closed","ping_status":"closed","sticky":false,"template":"","format":"standard","meta":{"footnotes":""},"categories":[1],"tags":[12,27,26,11,22],"class_list":["post-1935","post","type-post","status-publish","format-standard","hentry","category-allgemein","tag-angebote","tag-ehrenamt","tag-glauben","tag-kirche","tag-unterwegs"],"_links":{"self":[{"href":"https:\/\/kirche-ostenfeld.de\/wordpress\/wp-json\/wp\/v2\/posts\/1935","targetHints":{"allow":["GET"]}}],"collection":[{"href":"https:\/\/kirche-ostenfeld.de\/wordpress\/wp-json\/wp\/v2\/posts"}],"about":[{"href":"https:\/\/kirche-ostenfeld.de\/wordpress\/wp-json\/wp\/v2\/types\/post"}],"author":[{"embeddable":true,"href":"https:\/\/kirche-ostenfeld.de\/wordpress\/wp-json\/wp\/v2\/users\/2"}],"replies":[{"embeddable":true,"href":"https:\/\/kirche-ostenfeld.de\/wordpress\/wp-json\/wp\/v2\/comments?post=1935"}],"version-history":[{"count":4,"href":"https:\/\/kirche-ostenfeld.de\/wordpress\/wp-json\/wp\/v2\/posts\/1935\/revisions"}],"predecessor-version":[{"id":1938,"href":"https:\/\/kirche-ostenfeld.de\/wordpress\/wp-json\/wp\/v2\/posts\/1935\/revisions\/1938"}],"wp:attachment":[{"href":"https:\/\/kirche-ostenfeld.de\/wordpress\/wp-json\/wp\/v2\/media?parent=1935"}],"wp:term":[{"taxonomy":"category","embeddable":true,"href":"https:\/\/kirche-ostenfeld.de\/wordpress\/wp-json\/wp\/v2\/categories?post=1935"},{"taxonomy":"post_tag","embeddable":true,"href":"https:\/\/kirche-ostenfeld.de\/wordpress\/wp-json\/wp\/v2\/tags?post=1935"}],"curies":[{"name":"wp","href":"https:\/\/api.w.org\/{rel}","templated":true}]}}