{"id":1906,"date":"2015-09-29T19:46:52","date_gmt":"2015-09-29T18:46:52","guid":{"rendered":"http:\/\/kirche-ostenfeld.de\/wordpress\/?p=1906"},"modified":"2015-10-08T10:00:11","modified_gmt":"2015-10-08T09:00:11","slug":"flohmarkt-in-unserer-kita","status":"publish","type":"post","link":"https:\/\/kirche-ostenfeld.de\/wordpress\/archives\/1906","title":{"rendered":"Flohmarkt in unserer Kita"},"content":{"rendered":"<p>Engagierte Eltern der Kindertagesst\u00e4tte richten einen Flohmarkt aus &#8211; unter dem Motto &#8222;Alles rund um&#8217;s Kind&#8220; sind Sie herzlich eingeladen zum St\u00f6bern und Finden. Und nat\u00fcrlich auch zum selbst verkaufen. Eine gute Gelegenheit, Kinderzimmer, Kleiderschr\u00e4nke und den Dachboden endlich mal aufzur\u00e4umen!\u00a0\u00a0\u00a0\u00a0 <!--more-->Der Flohmarkt findet am 17. Oktober statt in den R\u00e4umen der Kindertagesst\u00e4tte und im Gemeindehaus der Kirchengemeinde. Wer gern selbst verkaufen m\u00f6chte, wendet sich an eine der drei Ausrichterinnen, die Telefonnummer und alles Weitere stehen auf dem Plakat.<\/p>\n<p><a href=\"https:\/\/kirche-ostenfeld.de\/wordpress\/wp-content\/uploads\/2015\/09\/Plakat-Flohmarkt-1510171.jpg\"><img loading=\"lazy\" decoding=\"async\" class=\"alignleft size-full wp-image-1910\" title=\"Plakat Flohmarkt 151017\" src=\"https:\/\/kirche-ostenfeld.de\/wordpress\/wp-content\/uploads\/2015\/09\/Plakat-Flohmarkt-1510171.jpg\" alt=\"\" width=\"529\" height=\"706\" srcset=\"https:\/\/kirche-ostenfeld.de\/wordpress\/wp-content\/uploads\/2015\/09\/Plakat-Flohmarkt-1510171.jpg 756w, https:\/\/kirche-ostenfeld.de\/wordpress\/wp-content\/uploads\/2015\/09\/Plakat-Flohmarkt-1510171-225x300.jpg 225w\" sizes=\"auto, (max-width: 529px) 100vw, 529px\" \/><\/a><\/p>\n","protected":false},"excerpt":{"rendered":"<p>Engagierte Eltern der Kindertagesst\u00e4tte richten einen Flohmarkt aus &#8211; unter dem Motto &#8222;Alles rund um&#8217;s Kind&#8220; sind Sie herzlich eingeladen zum St\u00f6bern und Finden. Und nat\u00fcrlich auch zum selbst verkaufen. Eine gute Gelegenheit, Kinderzimmer, Kleiderschr\u00e4nke und den Dachboden endlich mal &hellip; <a href=\"https:\/\/kirche-ostenfeld.de\/wordpress\/archives\/1906\">Weiterlesen <span class=\"meta-nav\">&rarr;<\/span><\/a><\/p>\n","protected":false},"author":2,"featured_media":0,"comment_status":"closed","ping_status":"closed","sticky":false,"template":"","format":"standard","meta":{"footnotes":""},"categories":[1],"tags":[12,3],"class_list":["post-1906","post","type-post","status-publish","format-standard","hentry","category-allgemein","tag-angebote","tag-kinder"],"_links":{"self":[{"href":"https:\/\/kirche-ostenfeld.de\/wordpress\/wp-json\/wp\/v2\/posts\/1906","targetHints":{"allow":["GET"]}}],"collection":[{"href":"https:\/\/kirche-ostenfeld.de\/wordpress\/wp-json\/wp\/v2\/posts"}],"about":[{"href":"https:\/\/kirche-ostenfeld.de\/wordpress\/wp-json\/wp\/v2\/types\/post"}],"author":[{"embeddable":true,"href":"https:\/\/kirche-ostenfeld.de\/wordpress\/wp-json\/wp\/v2\/users\/2"}],"replies":[{"embeddable":true,"href":"https:\/\/kirche-ostenfeld.de\/wordpress\/wp-json\/wp\/v2\/comments?post=1906"}],"version-history":[{"count":6,"href":"https:\/\/kirche-ostenfeld.de\/wordpress\/wp-json\/wp\/v2\/posts\/1906\/revisions"}],"predecessor-version":[{"id":1928,"href":"https:\/\/kirche-ostenfeld.de\/wordpress\/wp-json\/wp\/v2\/posts\/1906\/revisions\/1928"}],"wp:attachment":[{"href":"https:\/\/kirche-ostenfeld.de\/wordpress\/wp-json\/wp\/v2\/media?parent=1906"}],"wp:term":[{"taxonomy":"category","embeddable":true,"href":"https:\/\/kirche-ostenfeld.de\/wordpress\/wp-json\/wp\/v2\/categories?post=1906"},{"taxonomy":"post_tag","embeddable":true,"href":"https:\/\/kirche-ostenfeld.de\/wordpress\/wp-json\/wp\/v2\/tags?post=1906"}],"curies":[{"name":"wp","href":"https:\/\/api.w.org\/{rel}","templated":true}]}}