{"id":1825,"date":"2015-07-13T08:50:53","date_gmt":"2015-07-13T07:50:53","guid":{"rendered":"http:\/\/kirche-ostenfeld.de\/wordpress\/?p=1825"},"modified":"2015-10-08T10:08:03","modified_gmt":"2015-10-08T09:08:03","slug":"zwei-jahrzehnte","status":"publish","type":"post","link":"https:\/\/kirche-ostenfeld.de\/wordpress\/archives\/1825","title":{"rendered":"Zwei Jahrzehnte"},"content":{"rendered":"<p><a href=\"https:\/\/kirche-ostenfeld.de\/wordpress\/wp-content\/uploads\/2015\/07\/Abschied-Andrea-09-k.jpg\"><img loading=\"lazy\" decoding=\"async\" class=\"alignleft size-medium wp-image-1828\" title=\"Abschied Andrea 09 k\" src=\"https:\/\/kirche-ostenfeld.de\/wordpress\/wp-content\/uploads\/2015\/07\/Abschied-Andrea-09-k-300x199.jpg\" alt=\"\" width=\"300\" height=\"199\" srcset=\"https:\/\/kirche-ostenfeld.de\/wordpress\/wp-content\/uploads\/2015\/07\/Abschied-Andrea-09-k-300x199.jpg 300w, https:\/\/kirche-ostenfeld.de\/wordpress\/wp-content\/uploads\/2015\/07\/Abschied-Andrea-09-k.jpg 1024w\" sizes=\"auto, (max-width: 300px) 100vw, 300px\" \/><\/a>Gut zwei Jahrzehnte war Andrea St\u00f6hrmann Erzieherin und stellvertretende Leitung in der Kindertagesst\u00e4tte Ostenfeld \u2013 vielen Menschen ist sie aus ihrer Arbeit dort vertraut! Nun verl\u00e4sst sie die Kita und wird ab August die Leitung einer Kindertagesst\u00e4tte in Hattstedt \u00fcbernehmen!<br \/>\n<!--more-->Im Interview blickt sie noch einmal zur\u00fcck, erz\u00e4hlt was wichtig geworden ist in all den Jahren und warum nun Neues dran ist &#8230;<\/p>\n<p><strong>Liebe Andrea, seit fast 21 Jahren arbeitest du als Erzieherin in der Kindertagesst\u00e4tte in Ostenfeld, jetzt winken neue Aufgaben! Im August trittst du deine neue Stelle als Kita-Leitung in Hattstedt an. Wie kam es dazu?<\/strong><\/p>\n<p>Also, eigentlich hat sich das im Zuge meiner Weiterbildung zur Fachberatung ergeben, die ich gerade nach eineinhalb Jahren abgeschlossen habe. In dieser Zeit entwickelte sich der Wunsch nach beruflicher Ver\u00e4nderung, und danach, nach vielen Jahren als Stellvertretung in Ostenfeld, nun selbst eine Kita zu leiten, ihr mein Gesicht zu geben. Dazu kommt der Wunsch, dann demn\u00e4chst auch in die Beratungs- und Fortbildungsarbeit f\u00fcr Kindertagesst\u00e4tten einzusteigen. Mal sehen, was sich da entwickelt\u2026<\/p>\n<p><strong>Bevor es in Hattstedt losgeht, lass uns zur\u00fcckdenken \u2013 erinnerst du dich an deinen ersten Tag in Ostenfeld, an den Anfang hier?!<\/strong><\/p>\n<p>Sehr gut! Ich war krank mit einer Magen-Darm-Grippe, so dass ich nicht arbeiten konnte \u2013 und das war mir wahnsinnig peinlich! Aber die damalige Leiterin der Kita, Elvira Herrig, war ganz entspannt.<br \/>\nAls es dann losging, kam ich in die Sternengruppe \u2013 wo ich bis heute geblieben bin! Allerdings war ich zun\u00e4chst f\u00fcr einen Monat als Kinderpflegerin eingestellt worden, erst dann wurde eine Erzieherinnenstelle f\u00fcr mich frei. Aber das hat mich nicht gest\u00f6rt. Ich war froh, dass ich in Ostenfeld arbeiten konnte, wo wir auch wohnten. Ich hatte selbst ein kleines Kind \u2013 da passte das gut. Und dadurch bin ich auch \u00fcberhaupt erst in den Kita-Bereich gekommen. Ich hatte vor rund zehn Jahre im Theodor-Sch\u00e4fer-Werk mit Jugendlichen und Erwachsenen zu tun. Deshalb fand ich es am Anfang auch schwierig mich an die \u201eKindersprache\u201c zu gew\u00f6hnen &#8230;<\/p>\n<p><strong>Nach bald 21 Jahren hat man m\u00f6glicherweise schon die Kinder seiner ersten Kindergartenkinder in der Gruppe \u2013 du auch? Wie f\u00fchlt sich das an?<\/strong><\/p>\n<p>Das kam tats\u00e4chlich schon vor \u2013 und es ist ein komisches Gef\u00fchl. Genauso, wenn heute junge Erwachsene sagen: \u201eAh, meine alte Kinderg\u00e4rtnerin &#8230;\u201c Zu einigen haben sich intensive Kontakte \u00fcber die Jahre gehalten, die habe ich bis ins Erwachsenenalter begleitet.<\/p>\n<p><strong><a href=\"https:\/\/kirche-ostenfeld.de\/wordpress\/wp-content\/uploads\/2015\/07\/Abschied-Andrea-02-k.jpg\"><img loading=\"lazy\" decoding=\"async\" class=\"alignleft size-medium wp-image-1827\" title=\"Abschied Andrea 02 k\" src=\"https:\/\/kirche-ostenfeld.de\/wordpress\/wp-content\/uploads\/2015\/07\/Abschied-Andrea-02-k-300x199.jpg\" alt=\"\" width=\"300\" height=\"199\" srcset=\"https:\/\/kirche-ostenfeld.de\/wordpress\/wp-content\/uploads\/2015\/07\/Abschied-Andrea-02-k-300x199.jpg 300w, https:\/\/kirche-ostenfeld.de\/wordpress\/wp-content\/uploads\/2015\/07\/Abschied-Andrea-02-k.jpg 1024w\" sizes=\"auto, (max-width: 300px) 100vw, 300px\" \/><\/a>Bestimmt hat sich die Arbeit in der Kindertagesst\u00e4tte in den 21 Jahren gewandelt. Was waren die wichtigsten Ver\u00e4nderungen in dieser Zeit?<\/strong><\/p>\n<p>Ganz allgemein hat sich die Betreuungszeit der Kinder sehr ver\u00e4ndert: aus der reinen Vormittagsbetreuung ist l\u00e4ngst eine Tagesbetreuung geworden, die Eltern sind oftmals beide berufst\u00e4tig, da f\u00e4ngt auch der Kindergartentag f\u00fcr die Kinder schon fr\u00fch an. Und viele bleiben ja bis in den Nachmittag.<br \/>\nDann war f\u00fcr uns hier in Ostenfeld der Wechsel zur offenen Arbeit vor etwa sieben Jahren sicher eine der gr\u00f6\u00dften Ver\u00e4nderungen \u2013 ich stand ihr am Anfang sehr kritisch gegen\u00fcber! Inzwischen habe ich mich aber sehr damit angefreundet. Anders, n\u00e4mlich mit festen Gruppen, ginge es heute auch gar nicht mehr &#8230;<br \/>\nDie Kinder werden ja jetzt nicht mehr nur in einer Gruppe betreut, sondern sie suchen sich im Laufe des Vormittags ihre Orte und ihre Besch\u00e4ftigungen in der Kita, je nach ihren Bed\u00fcrfnissen.<br \/>\nDabei pendeln sie gewisserma\u00dfen zwischen den verschiedenen Gruppenr\u00e4umen hin und her, die nach und nach zu \u201eFunktions-r\u00e4umen\u201c umgewandelt wurden, und nutzen die Angebote im Bauraum, im Kreativraum, in Lernwerkstatt und Rollenspielraum. In diesem Zusammenhang ist auch die Einrichtung des Kindercaf\u00e9s zu erw\u00e4hnen: Die Kinder k\u00f6nnen dort morgens fr\u00fchst\u00fccken gehen, wann ihnen danach ist und sich so ihre Zeit frei einteilen. P\u00e4dagogische Entwicklungen wahrzunehmen und auch umzusetzen war mir und uns allen immer wichtig.<\/p>\n<p><strong>An welche \u201eSternstunden\u201c deiner Zeit in Ostenfeld denkst du gerne zur\u00fcck?<\/strong><\/p>\n<p>Besonders gerne denke ich an die vielen Schlaffeste zur\u00fcck, die ich mit den Gro\u00dfen, den zuk\u00fcnftigen Schulanf\u00e4ngern, jedes Jahr erleben durfte! Die Abschiedsfeste, wenn wir die Kinder ziehen lassen mussten in einen neuen Lebensabschnitt waren ebenfalls sehr ber\u00fchrende Momente, sch\u00f6n und schrecklich zugleich.<br \/>\nGerne zur\u00fcck denke ich auch an das Jahr 2010\/2011, als ich die Kita w\u00e4hrend des Sabbatjahres von Renate Schmitz eigenverantwortlich geleitet habe. Es war sicherlich ein anstrengendes Jahr \u2013 aber das Vertrauen, das Zutrauen, das ich in dieser Zeit von Eltern und den Kolleginnen erfahren habe, war \u00fcberw\u00e4ltigend!<\/p>\n<p><strong>Du bist eine leidenschaftliche Erzieherin \u2013 das strahlst du jedenfalls aus! Was ist dir das Wichtigste in deiner Arbeit im Kindergarten?<\/strong><\/p>\n<p>Das Wichtigste ist mir, dass die Kinder sich in der Kita wirklich wohlf\u00fchlen, dass sie in den Jahren bei uns gl\u00fccklich sind und ganz viel Spa\u00df haben! Ich m\u00f6chte sie auf ihrem Weg begleiten und f\u00fcr sie da sein.<\/p>\n<p><strong>Inzwischen bist du nicht nur Erzieherin, du hast gerade \u00fcber eineinhalb Jahre eine Zusatzausbildung zur \u201ep\u00e4dagogischen Fachberatung f\u00fcr Kita und Kindertagespflege\u201c gemacht. Wie sieht so eine Ausbildung aus und warum wolltest du das gerne machen?<\/strong><\/p>\n<p>Die Ausbildung besteht aus drei Modulen: Meine wissenschaftliche Forschungsarbeit zum Thema: \u201eKommunikationsstrukturen in gro\u00dfen Kindertagesst\u00e4tten\u201c bildete dabei den Schwerpunkt. Dazu kam eine Hausarbeit zum Thema: \u201eLebenswelten der Kinder\u201c. Das dritte Modul bestand daraus, Gespr\u00e4chs- und Beratungstechniken zu erlernen und auszuprobieren.<br \/>\nGereizt hat mich diese Ausbildung, weil ich ja schon in meiner t\u00e4glichen Arbeit viel auch mit dem Bereich Beratung zu tun habe, vor allem in der Elternarbeit, da wollte ich mich gern qualifizieren. Und mich interessieren ohnehin auch die Nachbarthemen, die mir in meiner Arbeit als Erzieherin begegnen \u2013 die wissenschaftliche Auseinandersetzung hat mich hier viel weitergebracht!<\/p>\n<p><strong>Was w\u00fcnscht du dir f\u00fcr deine berufliche Zukunft?<\/strong><\/p>\n<p>Ruhe und Gelassenheit! (lacht) Ich bin froh, in einem Beruf zu arbeiten, den ich mag \u2013 er ist so etwas wie eine Berufung f\u00fcr mich! Ich wollte ja seit einem Berufspraktikum in der 8. Klasse nie etwas anderes werden &#8230; F\u00fcr die Zukunft w\u00e4re eine Kombination aus mehreren T\u00e4tigkeiten \u2013 sowohl als Kita-Leiterin als auch als Fachberatung sehr reizvoll \u2013 mal sehen, was sich ergibt.<\/p>\n<p><strong>Wenn du einen Wunsch frei h\u00e4ttest f\u00fcr die Kita Ostenfeld?<\/strong><\/p>\n<p>Dann w\u00fcnschte ich mir hier mehr und gr\u00f6\u00dfere R\u00e4umlichkeiten \u2013 und ganz viel Personal!<\/p>\n<p><strong>Andrea, vielen Dank f\u00fcr das Interview! Wir w\u00fcnschen dir f\u00fcr deine Zukunft alles Gute und Gottes Segen! <\/strong><\/p>\n","protected":false},"excerpt":{"rendered":"<p>Gut zwei Jahrzehnte war Andrea St\u00f6hrmann Erzieherin und stellvertretende Leitung in der Kindertagesst\u00e4tte Ostenfeld \u2013 vielen Menschen ist sie aus ihrer Arbeit dort vertraut! Nun verl\u00e4sst sie die Kita und wird ab August die Leitung einer Kindertagesst\u00e4tte in Hattstedt \u00fcbernehmen!<\/p>\n","protected":false},"author":2,"featured_media":0,"comment_status":"closed","ping_status":"closed","sticky":false,"template":"","format":"standard","meta":{"footnotes":""},"categories":[1],"tags":[3],"class_list":["post-1825","post","type-post","status-publish","format-standard","hentry","category-allgemein","tag-kinder"],"_links":{"self":[{"href":"https:\/\/kirche-ostenfeld.de\/wordpress\/wp-json\/wp\/v2\/posts\/1825","targetHints":{"allow":["GET"]}}],"collection":[{"href":"https:\/\/kirche-ostenfeld.de\/wordpress\/wp-json\/wp\/v2\/posts"}],"about":[{"href":"https:\/\/kirche-ostenfeld.de\/wordpress\/wp-json\/wp\/v2\/types\/post"}],"author":[{"embeddable":true,"href":"https:\/\/kirche-ostenfeld.de\/wordpress\/wp-json\/wp\/v2\/users\/2"}],"replies":[{"embeddable":true,"href":"https:\/\/kirche-ostenfeld.de\/wordpress\/wp-json\/wp\/v2\/comments?post=1825"}],"version-history":[{"count":8,"href":"https:\/\/kirche-ostenfeld.de\/wordpress\/wp-json\/wp\/v2\/posts\/1825\/revisions"}],"predecessor-version":[{"id":1931,"href":"https:\/\/kirche-ostenfeld.de\/wordpress\/wp-json\/wp\/v2\/posts\/1825\/revisions\/1931"}],"wp:attachment":[{"href":"https:\/\/kirche-ostenfeld.de\/wordpress\/wp-json\/wp\/v2\/media?parent=1825"}],"wp:term":[{"taxonomy":"category","embeddable":true,"href":"https:\/\/kirche-ostenfeld.de\/wordpress\/wp-json\/wp\/v2\/categories?post=1825"},{"taxonomy":"post_tag","embeddable":true,"href":"https:\/\/kirche-ostenfeld.de\/wordpress\/wp-json\/wp\/v2\/tags?post=1825"}],"curies":[{"name":"wp","href":"https:\/\/api.w.org\/{rel}","templated":true}]}}