{"id":1817,"date":"2015-07-13T08:45:34","date_gmt":"2015-07-13T07:45:34","guid":{"rendered":"http:\/\/kirche-ostenfeld.de\/wordpress\/?p=1817"},"modified":"2015-07-13T08:52:56","modified_gmt":"2015-07-13T07:52:56","slug":"beauftragtengremium","status":"publish","type":"post","link":"https:\/\/kirche-ostenfeld.de\/wordpress\/archives\/1817","title":{"rendered":"Beauftragtengremium"},"content":{"rendered":"<p>Der Kirchenkreisrat des Kirchenkreises Nordfriesland hat im Juni noch einmal \u00fcber die Situation des verkleinerten Kirchengemeinderats Ostenfeld beraten (nachdem vier KGR-Mitglieder im M\u00e4rz ihren R\u00fccktritt erkl\u00e4rt hatten \u2013 wir berichteten <a href=\"https:\/\/kirche-ostenfeld.de\/wordpress\/?p=1775\" target=\"_blank\">hier<\/a>). Eine neue juristische Bewertung der Lage hatte das notwendig gemacht, die zu dem Schluss kommt, dass mit den verbliebenen sechs Mitgliedern die Beschlussf\u00e4higkeit nicht mehr gegeben ist.<\/p>\n<p><!--more-->Der Kirchenkreisrat hat auf seiner Sitzung am 23. Juni mit sofortiger Wirkung ein sogenanntes Beauftragtengremium (BG) eingesetzt \u2013 gem\u00e4\u00df der Verfassung der Nordkirche (Artikel 59, Absatz 3, siehe unten) \u2013, das die Gesch\u00e4fte der Kirchengemeinde Ostenfeld nun bis zur Kirchenwahl Ende 2016 f\u00fchren wird.<\/p>\n<p>Das Beauftragtengremium hat dabei dieselben Befugnisse wie ein regul\u00e4rer Kirchengemeinderat. Ger\u00fcchte, die besagen, dass in Ostenfeld nun alle Angelegenheiten durch den Kirchenkreis Nordfriesland geregelt w\u00fcrden und die Kirchengemeinde selbst \u201enichts mehr zu sagen\u201c h\u00e4tte, sind nicht richtig.<\/p>\n<p>Der Kirchenkreisrat hat entschieden, die nach den R\u00fccktritten verbliebenen Mitglieder des ehemaligen Kirchengemeinderats als Beauftragte einzusetzen. Dem Beauftragtengremium geh\u00f6ren also an: Eckhard Behrens, Thomas Clausen, Bernd Kreutzer, Irmtraut Mitzkus, Siglinde Tedsen, Helma Timm und Pastorin Annkatrin Kolbe. F\u00fcr die Gemeinde sind das vertraute Namen, die Menschen dahinter stehen alle f\u00fcr eine kontinuierliche und zuverl\u00e4ssige Leitung der Gemeinde \u2013 so dass die Arbeit unter dieser Ver\u00e4nderung nicht leiden wird.<\/p>\n<p><em><strong>Auszug aus der Verfassung der Evangelisch-lutherischen Kirche in Norddeutschland<\/strong><br \/>\nArtikel 59, Absatz 3<br \/>\n(1) Sinkt die Zahl der Mitglieder von Kirchengemeinder\u00e4ten, Verbandsversammlungen oder Verbandsvorst\u00e4nden auf die H\u00e4lfte oder weniger als die H\u00e4lfte der nach Ma\u00dfgabe des Kirchenrechtes festgesetzten Anzahl, so bestellt der Kirchenkreisrat unverz\u00fcglich zur Wahrnehmung der jeweiligen Aufgaben Beauftragte. (2) Mit der Beauftragung endet die Amtszeit der verbliebenen Mitglieder. (3) Mitglieder der Gremien im Sinne des Satzes 1 k\u00f6nnen zu Beauftragten bestellt werden. (4) Der Kirchenkreisrat setzt den Zeitpunkt der Neubildung des jeweiligen Gremiums fest. (5) Liegen zwischen dem Zeitpunkt der Beauftragung und dem Ablauf der Amtsperiode des jeweiligen Gremiums weniger als achtzehn Monate, so ist eine Neubildung ausgeschlossen. <\/em><\/p>\n","protected":false},"excerpt":{"rendered":"<p>Der Kirchenkreisrat des Kirchenkreises Nordfriesland hat im Juni noch einmal \u00fcber die Situation des verkleinerten Kirchengemeinderats Ostenfeld beraten (nachdem vier KGR-Mitglieder im M\u00e4rz ihren R\u00fccktritt erkl\u00e4rt hatten \u2013 wir berichteten hier). Eine neue juristische Bewertung der Lage hatte das notwendig &hellip; <a href=\"https:\/\/kirche-ostenfeld.de\/wordpress\/archives\/1817\">Weiterlesen <span class=\"meta-nav\">&rarr;<\/span><\/a><\/p>\n","protected":false},"author":2,"featured_media":0,"comment_status":"closed","ping_status":"closed","sticky":false,"template":"","format":"standard","meta":{"footnotes":""},"categories":[1],"tags":[27],"class_list":["post-1817","post","type-post","status-publish","format-standard","hentry","category-allgemein","tag-ehrenamt"],"_links":{"self":[{"href":"https:\/\/kirche-ostenfeld.de\/wordpress\/wp-json\/wp\/v2\/posts\/1817","targetHints":{"allow":["GET"]}}],"collection":[{"href":"https:\/\/kirche-ostenfeld.de\/wordpress\/wp-json\/wp\/v2\/posts"}],"about":[{"href":"https:\/\/kirche-ostenfeld.de\/wordpress\/wp-json\/wp\/v2\/types\/post"}],"author":[{"embeddable":true,"href":"https:\/\/kirche-ostenfeld.de\/wordpress\/wp-json\/wp\/v2\/users\/2"}],"replies":[{"embeddable":true,"href":"https:\/\/kirche-ostenfeld.de\/wordpress\/wp-json\/wp\/v2\/comments?post=1817"}],"version-history":[{"count":2,"href":"https:\/\/kirche-ostenfeld.de\/wordpress\/wp-json\/wp\/v2\/posts\/1817\/revisions"}],"predecessor-version":[{"id":1819,"href":"https:\/\/kirche-ostenfeld.de\/wordpress\/wp-json\/wp\/v2\/posts\/1817\/revisions\/1819"}],"wp:attachment":[{"href":"https:\/\/kirche-ostenfeld.de\/wordpress\/wp-json\/wp\/v2\/media?parent=1817"}],"wp:term":[{"taxonomy":"category","embeddable":true,"href":"https:\/\/kirche-ostenfeld.de\/wordpress\/wp-json\/wp\/v2\/categories?post=1817"},{"taxonomy":"post_tag","embeddable":true,"href":"https:\/\/kirche-ostenfeld.de\/wordpress\/wp-json\/wp\/v2\/tags?post=1817"}],"curies":[{"name":"wp","href":"https:\/\/api.w.org\/{rel}","templated":true}]}}