{"id":1778,"date":"2015-05-10T10:49:31","date_gmt":"2015-05-10T09:49:31","guid":{"rendered":"http:\/\/kirche-ostenfeld.de\/wordpress\/?p=1778"},"modified":"2015-05-12T10:55:16","modified_gmt":"2015-05-12T09:55:16","slug":"besuch-aus-sophienhof","status":"publish","type":"post","link":"https:\/\/kirche-ostenfeld.de\/wordpress\/archives\/1778","title":{"rendered":"Besuch aus Sophienhof"},"content":{"rendered":"<p><a href=\"https:\/\/kirche-ostenfeld.de\/wordpress\/wp-content\/uploads\/2015\/05\/Trampolin-Netz.jpg\"><img loading=\"lazy\" decoding=\"async\" class=\"alignleft size-medium wp-image-1779\" style=\"cursor: url(chrome:\/\/thumbnailzoomplus\/skin\/images\/tzp-cursor.gif), crosshair;\" title=\" \" src=\"https:\/\/kirche-ostenfeld.de\/wordpress\/wp-content\/uploads\/2015\/05\/Trampolin-Netz-225x300.jpg\" alt=\"\" width=\"225\" height=\"300\" srcset=\"https:\/\/kirche-ostenfeld.de\/wordpress\/wp-content\/uploads\/2015\/05\/Trampolin-Netz-225x300.jpg 225w, https:\/\/kirche-ostenfeld.de\/wordpress\/wp-content\/uploads\/2015\/05\/Trampolin-Netz.jpg 768w\" sizes=\"auto, (max-width: 225px) 100vw, 225px\" \/><\/a>Eine Woche vor Ostern durften wir uns \u00fcber Besuch aus unserer Partnergemeinde in Sophienhof freuen! Pastor Andreas Zander und neun Mitglieder aus der dortigen Gemeinde, Jugendliche und Erwachsene, hatten sich auf den Weg gemacht, von Vorpommern nach Nordfriesland, das Wochenende mit uns zu verbringen.<\/p>\n<p><!--more--><\/p>\n<p>Am Freitagabend begr\u00fc\u00dften wir unsere G\u00e4ste mit viel Wiedersehensfreude und einem Imbiss im Gemeindehaus, das in den n\u00e4chsten Tagen unser aller Lebensmittelpunkt wurde, bevor alle ein Bett f\u00fcr die Nacht fanden, in Privatquartieren oder im Pastorat.<\/p>\n<p>Nach dem gemeinsamen Fr\u00fchst\u00fcck an der gro\u00dfen Tafel im Saal, stand am Sonnabend ein Ausflug zum Krokusbl\u00fctenfest in Husum auf dem Programm (\u201eWir haben die K\u00f6nigin gesehen!\u201c), die lilafarbene Pracht im Schlosspark beeindruckte alle, freundlich von der Sonne beschienen, und die Jugendlichen kamen auf dem Trampolin vor der Marienkirche dem Himmel ganz nah!<\/p>\n<p>Als dieser sich mittags bezog, fuhren Gastgeber und G\u00e4ste lieber weiter nach T\u00f6nning, um dort das Multimar Wattforum zu besuchen. Die umfangreiche Ausstellung \u00fcber das Leben im Nationalpark Wattenmeer h\u00e4lt f\u00fcr alle etwas bereit \u2013 f\u00fcr die Liebhaber von Seepferdchen genauso wie f\u00fcr die Walforscher unter den Besuchern, so dass nach dem Mittagessen in der Cafeteria auf Entdeckungsreise gingen.<\/p>\n<p>Am Abend versammelten sich alle wieder im Gemeindehaus, zu einem geselligen Abend samt leckerem Buffet, es wurde viel gekl\u00f6nt und auch musiziert \u2013 die Sophienhofer hatten ihre ganze Band-Ausr\u00fcstung mitgebracht! Die Girlie-Band samt m\u00e4nnlicher Verst\u00e4rkung am Schlagzeug gestaltete dann auch am Sonntagmorgen den Gottesdienst in der St. Petri-Kirche mit tollen Liedern!<\/p>\n<p>Das war ein sch\u00f6ner runder Abschluss unserer gemeinsamen Zeit \u2013 gest\u00e4rkt mit leckerer Gulaschsuppe machten sich unsere G\u00e4ste gegen Mittag wieder auf den Heimweg. Bis zum n\u00e4chsten Mal \u2013 wir freuen uns schon!<\/p>\n","protected":false},"excerpt":{"rendered":"<p>Eine Woche vor Ostern durften wir uns \u00fcber Besuch aus unserer Partnergemeinde in Sophienhof freuen! Pastor Andreas Zander und neun Mitglieder aus der dortigen Gemeinde, Jugendliche und Erwachsene, hatten sich auf den Weg gemacht, von Vorpommern nach Nordfriesland, das Wochenende &hellip; <a href=\"https:\/\/kirche-ostenfeld.de\/wordpress\/archives\/1778\">Weiterlesen <span class=\"meta-nav\">&rarr;<\/span><\/a><\/p>\n","protected":false},"author":2,"featured_media":0,"comment_status":"closed","ping_status":"closed","sticky":false,"template":"","format":"standard","meta":{"footnotes":""},"categories":[1],"tags":[20,26,25,3,11,6,22],"class_list":["post-1778","post","type-post","status-publish","format-standard","hentry","category-allgemein","tag-draussen","tag-glauben","tag-jugend","tag-kinder","tag-kirche","tag-musik","tag-unterwegs"],"_links":{"self":[{"href":"https:\/\/kirche-ostenfeld.de\/wordpress\/wp-json\/wp\/v2\/posts\/1778","targetHints":{"allow":["GET"]}}],"collection":[{"href":"https:\/\/kirche-ostenfeld.de\/wordpress\/wp-json\/wp\/v2\/posts"}],"about":[{"href":"https:\/\/kirche-ostenfeld.de\/wordpress\/wp-json\/wp\/v2\/types\/post"}],"author":[{"embeddable":true,"href":"https:\/\/kirche-ostenfeld.de\/wordpress\/wp-json\/wp\/v2\/users\/2"}],"replies":[{"embeddable":true,"href":"https:\/\/kirche-ostenfeld.de\/wordpress\/wp-json\/wp\/v2\/comments?post=1778"}],"version-history":[{"count":5,"href":"https:\/\/kirche-ostenfeld.de\/wordpress\/wp-json\/wp\/v2\/posts\/1778\/revisions"}],"predecessor-version":[{"id":1783,"href":"https:\/\/kirche-ostenfeld.de\/wordpress\/wp-json\/wp\/v2\/posts\/1778\/revisions\/1783"}],"wp:attachment":[{"href":"https:\/\/kirche-ostenfeld.de\/wordpress\/wp-json\/wp\/v2\/media?parent=1778"}],"wp:term":[{"taxonomy":"category","embeddable":true,"href":"https:\/\/kirche-ostenfeld.de\/wordpress\/wp-json\/wp\/v2\/categories?post=1778"},{"taxonomy":"post_tag","embeddable":true,"href":"https:\/\/kirche-ostenfeld.de\/wordpress\/wp-json\/wp\/v2\/tags?post=1778"}],"curies":[{"name":"wp","href":"https:\/\/api.w.org\/{rel}","templated":true}]}}