{"id":1772,"date":"2015-05-12T10:41:25","date_gmt":"2015-05-12T09:41:25","guid":{"rendered":"http:\/\/kirche-ostenfeld.de\/wordpress\/?p=1772"},"modified":"2015-05-12T10:42:12","modified_gmt":"2015-05-12T09:42:12","slug":"kraftvoll-und-schon","status":"publish","type":"post","link":"https:\/\/kirche-ostenfeld.de\/wordpress\/archives\/1772","title":{"rendered":"Kraftvoll und sch\u00f6n"},"content":{"rendered":"<p><a href=\"https:\/\/kirche-ostenfeld.de\/wordpress\/wp-content\/uploads\/2012\/05\/AnnkatrinKolbe.jpg\"><img loading=\"lazy\" decoding=\"async\" class=\"alignleft size-full wp-image-551\" title=\"AnnkatrinKolbe\" src=\"https:\/\/kirche-ostenfeld.de\/wordpress\/wp-content\/uploads\/2012\/05\/AnnkatrinKolbe.jpg\" alt=\"\" width=\"164\" height=\"219\" \/><\/a>Verwirrend, unberechenbar, \u00fcberraschend \u2013 das ist Pfingsten.<\/p>\n<p>Nur f\u00fcr den Fall, dass Sie irgendwo erkl\u00e4ren sollen, was schwer zu erkl\u00e4ren ist.<\/p>\n<p><!--more-->Geburt (Weihnachten), Tod und Auferstehung und die Hoffnung, dass es doch weitergeht \u2013 dass mit dem Tod nicht alles zu Ende ist (Ostern) \u2013, das geht man schon noch mit als Christ.<\/p>\n<p>Aber Pfingsten? Verwirrend, unberechenbar, \u00fcberraschend.<\/p>\n<p>Aber auch kraftvoll und sch\u00f6n.<\/p>\n<p>Denn dort, wo die guten Nachrichten nicht unter der Decke bleiben, nicht hinter verschlossenen Fenstern und T\u00fcren, sondern hinausdr\u00e4ngen in die Welt \u2013 da ist Pfingsten.<\/p>\n<p>Dort, wo Menschen einander verstehen, auch wenn sie viele verschiedene Sprachen sprechen \u2013 da ist Pfingsten.<\/p>\n<p>Und dort, wo Menschen brennen f\u00fcr ihre Herzensangelegenheiten \u2013 dort auch.<\/p>\n<p>Pfingsten.<br \/>\nGottes Botschaft verbreitet sich in der Welt.<br \/>\nImmer weiter und weiter und weiter!<\/p>\n<p>Gottes Geist ver\u00e4ndert Menschen.<br \/>\nVerwirrend, unberechenbar, \u00fcberraschend \u2013 kraftvoll und sch\u00f6n!<\/p>\n<p>Pfingsten feiern wir in diesem Jahr am 24. Mai.<br \/>\nAber nicht nur. Meistens feiern wir Pfingsten, mitten im Leben, wenn gerade niemand damit rechnet &#8230;<\/p>\n<p>Denn wir d\u00fcrfen gewiss sein: Wir werden die Kraft des Heiligen Geistes empfangen.<\/p>\n<p>Ihre Pastorin<br \/>\nAnnkatrin Kolbe<\/p>\n<div id=\"_mcePaste\" style=\"position: absolute; left: -10000px; top: 0px; width: 1px; height: 1px; overflow: hidden;\"><!--[if !mso]> <mce:style><!  v\\:* {behavior:url(#default#VML);} o\\:* {behavior:url(#default#VML);} b\\:* {behavior:url(#default#VML);} .shape {behavior:url(#default#VML);} --> <!--[endif] --><\/p>\n<p class=\"MsoNormal\" style=\"mso-pagination: none; text-align: justify; text-justify: inter-word; line-height: 110%;\"><span style=\"font-family: Verdana; mso-default-font-family: Verdana; mso-ascii-font-family: Verdana; mso-latin-font-family: Verdana; mso-greek-font-family: Verdana; mso-cyrillic-font-family: Verdana; mso-armenian-font-family: Verdana; mso-hebrew-font-family: Verdana; mso-thai-font-family: Verdana; mso-currency-font-family: Verdana; mso-latinext-font-family: Verdana; color: black; language: DE; mso-ansi-language: DE;\">Verwirrend, unberechenbar, \u00fcberraschend \u2013 das ist Pfingsten.<\/span><\/p>\n<p class=\"MsoNormal\" style=\"mso-pagination: none; text-align: justify; text-justify: inter-word; line-height: 110%;\"><span style=\"font-family: Verdana; mso-default-font-family: Verdana; mso-ascii-font-family: Verdana; mso-latin-font-family: Verdana; mso-greek-font-family: Verdana; mso-cyrillic-font-family: Verdana; mso-armenian-font-family: Verdana; mso-hebrew-font-family: Verdana; mso-thai-font-family: Verdana; mso-currency-font-family: Verdana; mso-latinext-font-family: Verdana; color: black; language: DE; mso-ansi-language: DE;\"> <\/span><\/p>\n<p class=\"MsoNormal\" style=\"mso-pagination: none; text-align: justify; text-justify: inter-word; line-height: 110%;\"><span style=\"font-family: Verdana; mso-default-font-family: Verdana; mso-ascii-font-family: Verdana; mso-latin-font-family: Verdana; mso-greek-font-family: Verdana; mso-cyrillic-font-family: Verdana; mso-armenian-font-family: Verdana; mso-hebrew-font-family: Verdana; mso-thai-font-family: Verdana; mso-currency-font-family: Verdana; mso-latinext-font-family: Verdana; color: black; language: DE; mso-ansi-language: DE;\">Nur f\u00fcr den Fall, dass Sie irgendwo erkl\u00e4ren sollen, was schwer zu erkl\u00e4ren ist.<\/span><\/p>\n<p class=\"MsoNormal\" style=\"mso-pagination: none; text-align: justify; text-justify: inter-word; line-height: 110%;\"><span style=\"font-family: Verdana; mso-default-font-family: Verdana; mso-ascii-font-family: Verdana; mso-latin-font-family: Verdana; mso-greek-font-family: Verdana; mso-cyrillic-font-family: Verdana; mso-armenian-font-family: Verdana; mso-hebrew-font-family: Verdana; mso-thai-font-family: Verdana; mso-currency-font-family: Verdana; mso-latinext-font-family: Verdana; color: black; language: DE; mso-ansi-language: DE;\"> <\/span><\/p>\n<p class=\"MsoNormal\" style=\"mso-pagination: none; text-align: justify; text-justify: inter-word; line-height: 110%;\"><span style=\"font-family: Verdana; mso-default-font-family: Verdana; mso-ascii-font-family: Verdana; mso-latin-font-family: Verdana; mso-greek-font-family: Verdana; mso-cyrillic-font-family: Verdana; mso-armenian-font-family: Verdana; mso-hebrew-font-family: Verdana; mso-thai-font-family: Verdana; mso-currency-font-family: Verdana; mso-latinext-font-family: Verdana; color: black; language: DE; mso-ansi-language: DE;\">Geburt (Weihnachten), Tod und Auferstehung und die Hoffnung, dass es doch weitergeht \u2013 dass mit dem Tod nicht alles zu Ende ist (Ostern) \u2013, das geht man schon noch mit als Christ.<\/span><\/p>\n<p class=\"MsoNormal\" style=\"mso-pagination: none; text-align: justify; text-justify: inter-word; line-height: 110%;\"><span style=\"font-family: Verdana; mso-default-font-family: Verdana; mso-ascii-font-family: Verdana; mso-latin-font-family: Verdana; mso-greek-font-family: Verdana; mso-cyrillic-font-family: Verdana; mso-armenian-font-family: Verdana; mso-hebrew-font-family: Verdana; mso-thai-font-family: Verdana; mso-currency-font-family: Verdana; mso-latinext-font-family: Verdana; color: black; language: DE; mso-ansi-language: DE;\"> <\/span><\/p>\n<p class=\"MsoNormal\" style=\"mso-pagination: none; text-align: justify; text-justify: inter-word; line-height: 110%;\"><span style=\"font-family: Verdana; mso-default-font-family: Verdana; mso-ascii-font-family: Verdana; mso-latin-font-family: Verdana; mso-greek-font-family: Verdana; mso-cyrillic-font-family: Verdana; mso-armenian-font-family: Verdana; mso-hebrew-font-family: Verdana; mso-thai-font-family: Verdana; mso-currency-font-family: Verdana; mso-latinext-font-family: Verdana; color: black; language: DE; mso-ansi-language: DE;\">Aber Pfingsten? Verwirrend, unberechenbar, \u00fcberraschend.<\/span><\/p>\n<p class=\"MsoNormal\" style=\"mso-pagination: none; text-align: justify; text-justify: inter-word; line-height: 110%;\"><span style=\"font-family: Verdana; mso-default-font-family: Verdana; mso-ascii-font-family: Verdana; mso-latin-font-family: Verdana; mso-greek-font-family: Verdana; mso-cyrillic-font-family: Verdana; mso-armenian-font-family: Verdana; mso-hebrew-font-family: Verdana; mso-thai-font-family: Verdana; mso-currency-font-family: Verdana; mso-latinext-font-family: Verdana; color: black; language: DE; mso-ansi-language: DE;\"> <\/span><\/p>\n<p class=\"MsoNormal\" style=\"mso-pagination: none; text-align: justify; text-justify: inter-word; line-height: 110%;\"><span style=\"font-family: Verdana; mso-default-font-family: Verdana; mso-ascii-font-family: Verdana; mso-latin-font-family: Verdana; mso-greek-font-family: Verdana; mso-cyrillic-font-family: Verdana; mso-armenian-font-family: Verdana; mso-hebrew-font-family: Verdana; mso-thai-font-family: Verdana; mso-currency-font-family: Verdana; mso-latinext-font-family: Verdana; color: black; language: DE; mso-ansi-language: DE;\">Aber auch kraftvoll und sch\u00f6n.<\/span><\/p>\n<p class=\"MsoNormal\" style=\"mso-pagination: none; text-align: justify; text-justify: inter-word; line-height: 110%;\"><span style=\"font-family: Verdana; mso-default-font-family: Verdana; mso-ascii-font-family: Verdana; mso-latin-font-family: Verdana; mso-greek-font-family: Verdana; mso-cyrillic-font-family: Verdana; mso-armenian-font-family: Verdana; mso-hebrew-font-family: Verdana; mso-thai-font-family: Verdana; mso-currency-font-family: Verdana; mso-latinext-font-family: Verdana; color: black; language: DE; mso-ansi-language: DE;\"> <\/span><\/p>\n<p class=\"MsoNormal\" style=\"mso-pagination: none; text-align: justify; text-justify: inter-word; line-height: 110%;\"><span style=\"font-family: Verdana; mso-default-font-family: Verdana; mso-ascii-font-family: Verdana; mso-latin-font-family: Verdana; mso-greek-font-family: Verdana; mso-cyrillic-font-family: Verdana; mso-armenian-font-family: Verdana; mso-hebrew-font-family: Verdana; mso-thai-font-family: Verdana; mso-currency-font-family: Verdana; mso-latinext-font-family: Verdana; color: black; language: DE; mso-ansi-language: DE;\">Denn dort, wo die guten Nachrichten nicht unter der Decke bleiben, nicht hinter verschlossenen Fenstern und T\u00fcren, sondern hinausdr\u00e4ngen in die Welt \u2013 da ist Pfingsten.<\/span><\/p>\n<p class=\"MsoNormal\" style=\"mso-pagination: none; text-align: justify; text-justify: inter-word; line-height: 110%;\"><span style=\"font-family: Verdana; mso-default-font-family: Verdana; mso-ascii-font-family: Verdana; mso-latin-font-family: Verdana; mso-greek-font-family: Verdana; mso-cyrillic-font-family: Verdana; mso-armenian-font-family: Verdana; mso-hebrew-font-family: Verdana; mso-thai-font-family: Verdana; mso-currency-font-family: Verdana; mso-latinext-font-family: Verdana; color: black; language: DE; mso-ansi-language: DE;\"> <\/span><\/p>\n<p class=\"MsoNormal\" style=\"mso-pagination: none; text-align: justify; text-justify: inter-word; line-height: 110%;\"><span style=\"font-family: Verdana; mso-default-font-family: Verdana; mso-ascii-font-family: Verdana; mso-latin-font-family: Verdana; mso-greek-font-family: Verdana; mso-cyrillic-font-family: Verdana; mso-armenian-font-family: Verdana; mso-hebrew-font-family: Verdana; mso-thai-font-family: Verdana; mso-currency-font-family: Verdana; mso-latinext-font-family: Verdana; color: black; language: DE; mso-ansi-language: DE;\">Dort, wo Menschen einander verstehen, auch wenn sie viele verschiedene Sprachen sprechen \u2013 da ist Pfingsten.<\/span><\/p>\n<p class=\"MsoNormal\" style=\"mso-pagination: none; text-align: justify; text-justify: inter-word; line-height: 110%;\"><span style=\"font-family: Verdana; mso-default-font-family: Verdana; mso-ascii-font-family: Verdana; mso-latin-font-family: Verdana; mso-greek-font-family: Verdana; mso-cyrillic-font-family: Verdana; mso-armenian-font-family: Verdana; mso-hebrew-font-family: Verdana; mso-thai-font-family: Verdana; mso-currency-font-family: Verdana; mso-latinext-font-family: Verdana; color: black; language: DE; mso-ansi-language: DE;\"> <\/span><\/p>\n<p class=\"MsoNormal\" style=\"mso-pagination: none; text-align: justify; text-justify: inter-word; line-height: 110%;\"><span style=\"font-family: Verdana; mso-default-font-family: Verdana; mso-ascii-font-family: Verdana; mso-latin-font-family: Verdana; mso-greek-font-family: Verdana; mso-cyrillic-font-family: Verdana; mso-armenian-font-family: Verdana; mso-hebrew-font-family: Verdana; mso-thai-font-family: Verdana; mso-currency-font-family: Verdana; mso-latinext-font-family: Verdana; color: black; language: DE; mso-ansi-language: DE;\">Und dort, wo Menschen brennen f\u00fcr ihre Herzensangelegenheiten \u2013 dort auch.<\/span><\/p>\n<p class=\"MsoNormal\" style=\"mso-pagination: none; text-align: justify; text-justify: inter-word; line-height: 110%;\"><span style=\"font-family: Verdana; mso-default-font-family: Verdana; mso-ascii-font-family: Verdana; mso-latin-font-family: Verdana; mso-greek-font-family: Verdana; mso-cyrillic-font-family: Verdana; mso-armenian-font-family: Verdana; mso-hebrew-font-family: Verdana; mso-thai-font-family: Verdana; mso-currency-font-family: Verdana; mso-latinext-font-family: Verdana; color: black; language: DE; mso-ansi-language: DE;\"> <\/span><\/p>\n<p class=\"MsoNormal\" style=\"mso-pagination: none; text-align: justify; text-justify: inter-word; line-height: 110%;\"><span style=\"font-family: Verdana; mso-default-font-family: Verdana; mso-ascii-font-family: Verdana; mso-latin-font-family: Verdana; mso-greek-font-family: Verdana; mso-cyrillic-font-family: Verdana; mso-armenian-font-family: Verdana; mso-hebrew-font-family: Verdana; mso-thai-font-family: Verdana; mso-currency-font-family: Verdana; mso-latinext-font-family: Verdana; color: black; language: DE; mso-ansi-language: DE;\">Pfingsten.<\/span><\/p>\n<p class=\"MsoNormal\" style=\"mso-pagination: none; text-align: justify; text-justify: inter-word; line-height: 110%;\"><span style=\"font-family: Verdana; mso-default-font-family: Verdana; mso-ascii-font-family: Verdana; mso-latin-font-family: Verdana; mso-greek-font-family: Verdana; mso-cyrillic-font-family: Verdana; mso-armenian-font-family: Verdana; mso-hebrew-font-family: Verdana; mso-thai-font-family: Verdana; mso-currency-font-family: Verdana; mso-latinext-font-family: Verdana; color: black; language: DE; mso-ansi-language: DE;\">Gottes Botschaft verbreitet sich in der Welt.<\/span><\/p>\n<p class=\"MsoNormal\" style=\"mso-pagination: none; text-align: justify; text-justify: inter-word; line-height: 110%;\"><span style=\"font-family: Verdana; mso-default-font-family: Verdana; mso-ascii-font-family: Verdana; mso-latin-font-family: Verdana; mso-greek-font-family: Verdana; mso-cyrillic-font-family: Verdana; mso-armenian-font-family: Verdana; mso-hebrew-font-family: Verdana; mso-thai-font-family: Verdana; mso-currency-font-family: Verdana; mso-latinext-font-family: Verdana; color: black; language: DE; mso-ansi-language: DE;\">Immer weiter und weiter und weiter!<\/span><\/p>\n<p class=\"MsoNormal\" style=\"mso-pagination: none; text-align: justify; text-justify: inter-word; line-height: 110%;\"><span style=\"font-family: Verdana; mso-default-font-family: Verdana; mso-ascii-font-family: Verdana; mso-latin-font-family: Verdana; mso-greek-font-family: Verdana; mso-cyrillic-font-family: Verdana; mso-armenian-font-family: Verdana; mso-hebrew-font-family: Verdana; mso-thai-font-family: Verdana; mso-currency-font-family: Verdana; mso-latinext-font-family: Verdana; color: black; language: DE; mso-ansi-language: DE;\"> <\/span><\/p>\n<p class=\"MsoNormal\" style=\"mso-pagination: none; text-align: justify; text-justify: inter-word; line-height: 110%;\"><span style=\"font-family: Verdana; mso-default-font-family: Verdana; mso-ascii-font-family: Verdana; mso-latin-font-family: Verdana; mso-greek-font-family: Verdana; mso-cyrillic-font-family: Verdana; mso-armenian-font-family: Verdana; mso-hebrew-font-family: Verdana; mso-thai-font-family: Verdana; mso-currency-font-family: Verdana; mso-latinext-font-family: Verdana; color: black; language: DE; mso-ansi-language: DE;\">Gottes Geist ver\u00e4ndert Menschen.<\/span><\/p>\n<p class=\"MsoNormal\" style=\"mso-pagination: none; text-align: justify; text-justify: inter-word; line-height: 110%;\"><span style=\"font-family: Verdana; mso-default-font-family: Verdana; mso-ascii-font-family: Verdana; mso-latin-font-family: Verdana; mso-greek-font-family: Verdana; mso-cyrillic-font-family: Verdana; mso-armenian-font-family: Verdana; mso-hebrew-font-family: Verdana; mso-thai-font-family: Verdana; mso-currency-font-family: Verdana; mso-latinext-font-family: Verdana; color: black; language: DE; mso-ansi-language: DE;\">Verwirrend, unberechenbar, \u00fcberraschend \u2013 kraftvoll und sch\u00f6n!<\/span><\/p>\n<p class=\"MsoNormal\" style=\"mso-pagination: none; text-align: justify; text-justify: inter-word; line-height: 110%;\"><span style=\"font-family: Verdana; mso-default-font-family: Verdana; mso-ascii-font-family: Verdana; mso-latin-font-family: Verdana; mso-greek-font-family: Verdana; mso-cyrillic-font-family: Verdana; mso-armenian-font-family: Verdana; mso-hebrew-font-family: Verdana; mso-thai-font-family: Verdana; mso-currency-font-family: Verdana; mso-latinext-font-family: Verdana; color: black; language: DE; mso-ansi-language: DE;\"> <\/span><\/p>\n<p class=\"MsoNormal\" style=\"mso-pagination: none; text-align: justify; text-justify: inter-word; line-height: 110%;\"><span style=\"font-family: Verdana; mso-default-font-family: Verdana; mso-ascii-font-family: Verdana; mso-latin-font-family: Verdana; mso-greek-font-family: Verdana; mso-cyrillic-font-family: Verdana; mso-armenian-font-family: Verdana; mso-hebrew-font-family: Verdana; mso-thai-font-family: Verdana; mso-currency-font-family: Verdana; mso-latinext-font-family: Verdana; color: black; language: DE; mso-ansi-language: DE;\">Pfingsten feiern wir in diesem Jahr am 24. Mai.<\/span><\/p>\n<p class=\"MsoNormal\" style=\"mso-pagination: none; text-align: justify; text-justify: inter-word; line-height: 110%;\"><span style=\"font-family: Verdana; mso-default-font-family: Verdana; mso-ascii-font-family: Verdana; mso-latin-font-family: Verdana; mso-greek-font-family: Verdana; mso-cyrillic-font-family: Verdana; mso-armenian-font-family: Verdana; mso-hebrew-font-family: Verdana; mso-thai-font-family: Verdana; mso-currency-font-family: Verdana; mso-latinext-font-family: Verdana; color: black; language: DE; mso-ansi-language: DE;\">Aber nicht nur.<\/span><\/p>\n<p class=\"MsoNormal\" style=\"mso-pagination: none; text-align: justify; text-justify: inter-word; line-height: 110%;\"><span style=\"font-family: Verdana; mso-default-font-family: Verdana; mso-ascii-font-family: Verdana; mso-latin-font-family: Verdana; mso-greek-font-family: Verdana; mso-cyrillic-font-family: Verdana; mso-armenian-font-family: Verdana; mso-hebrew-font-family: Verdana; mso-thai-font-family: Verdana; mso-currency-font-family: Verdana; mso-latinext-font-family: Verdana; color: black; language: DE; mso-ansi-language: DE;\">Meistens feiern wir Pfingsten, mitten im Leben, wenn gerVerwirrend, unberechenbar, \u00fcberraschend \u2013 das ist Pfingsten.<\/span><\/p>\n<p>Nur f\u00fcr den Fall, dass Sie irgendwo erkl\u00e4ren sollen, was schwer zu erkl\u00e4ren ist.<\/p>\n<p>Geburt (Weihnachten), Tod und Auferstehung und die Hoffnung, dass es doch weitergeht \u2013 dass mit dem Tod nicht alles zu Ende ist (Ostern) \u2013, das geht man schon noch mit als Christ.<\/p>\n<p>Aber Pfingsten? Verwirrend, unberechenbar, \u00fcberraschend.<\/p>\n<p>Aber auch kraftvoll und sch\u00f6n.<\/p>\n<p>Denn dort, wo die guten Nachrichten nicht unter der Decke bleiben, nicht hinter verschlossenen Fenstern und T\u00fcren, sondern hinausdr\u00e4ngen in die Welt \u2013 da ist Pfingsten.<\/p>\n<p>Dort, wo Menschen einander verstehen, auch wenn sie viele verschiedene Sprachen sprechen \u2013 da ist Pfingsten.<\/p>\n<p>Und dort, wo Menschen brennen f\u00fcr ihre Herzensangelegenheiten \u2013 dort auch.<\/p>\n<p>Pfingsten.<br \/>\nGottes Botschaft verbreitet sich in der Welt.<br \/>\nImmer weiter und weiter und weiter!<\/p>\n<p>Gottes Geist ver\u00e4ndert Menschen.<br \/>\nVerwirrend, unberechenbar, \u00fcberraschend \u2013 kraftvoll und sch\u00f6n!<\/p>\n<p>Pfingsten feiern wir in diesem Jahr am 24. Mai.<br \/>\nAber nicht nur.<br \/>\nMeistens feiern wir Pfingsten, mitten im Leben, wenn gerade niemand damit rechnet &#8230;<\/p>\n<p>Denn wir d\u00fcrfen gewiss sein: Wir werden die Kraft des Heiligen Geistes empfangen.<\/p>\n<p>Ihre Pastorin Annkatrin Kolbeade niemand damit rechnet &#8230;<\/p>\n<p class=\"MsoNormal\" style=\"mso-pagination: none; text-align: justify; text-justify: inter-word; line-height: 110%;\"><span style=\"font-family: Verdana; mso-default-font-family: Verdana; mso-ascii-font-family: Verdana; mso-latin-font-family: Verdana; mso-greek-font-family: Verdana; mso-cyrillic-font-family: Verdana; mso-armenian-font-family: Verdana; mso-hebrew-font-family: Verdana; mso-thai-font-family: Verdana; mso-currency-font-family: Verdana; mso-latinext-font-family: Verdana; color: black; language: DE; mso-ansi-language: DE;\"> <\/span><\/p>\n<p class=\"MsoNormal\" style=\"mso-pagination: none; text-align: justify; text-justify: inter-word; line-height: 110%;\"><span style=\"font-family: Verdana; mso-default-font-family: Verdana; mso-ascii-font-family: Verdana; mso-latin-font-family: Verdana; mso-greek-font-family: Verdana; mso-cyrillic-font-family: Verdana; mso-armenian-font-family: Verdana; mso-hebrew-font-family: Verdana; mso-thai-font-family: Verdana; mso-currency-font-family: Verdana; mso-latinext-font-family: Verdana; color: black; language: DE; mso-ansi-language: DE;\">Denn wir d\u00fcrfen gewiss sein: Wir werden die Kraft des Heiligen Geistes empfangen.<\/span><\/p>\n<p class=\"MsoNormal\" style=\"mso-pagination: none; text-align: justify; text-justify: inter-word; line-height: 110%;\"><span style=\"font-family: Verdana; mso-default-font-family: Verdana; mso-ascii-font-family: Verdana; mso-latin-font-family: Verdana; mso-greek-font-family: Verdana; mso-cyrillic-font-family: Verdana; mso-armenian-font-family: Verdana; mso-hebrew-font-family: Verdana; mso-thai-font-family: Verdana; mso-currency-font-family: Verdana; mso-latinext-font-family: Verdana; color: black; language: DE; mso-ansi-language: DE;\"> <\/span><\/p>\n<p class=\"MsoNormal\" style=\"mso-pagination: none; text-align: right; line-height: 110%;\"><span style=\"font-family: Verdana; mso-default-font-family: Verdana; mso-ascii-font-family: Verdana; mso-latin-font-family: Verdana; mso-greek-font-family: Verdana; mso-cyrillic-font-family: Verdana; mso-armenian-font-family: Verdana; mso-hebrew-font-family: Verdana; mso-thai-font-family: Verdana; mso-currency-font-family: Verdana; mso-latinext-font-family: Verdana; color: black; language: DE; mso-ansi-language: DE;\">Ihre Pastorin Annkatrin Kolbe<\/span><\/p>\n<p class=\"MsoNormal\" style=\"mso-pagination: none;\"><span style=\"language: DE;\"> <\/span><\/p>\n<p><!--[if pub]><xml> <b:Publication type=\"OplPub\" oty=\"68\" oh=\"256\"> <b:OhPrintBlock priv=\"30E\">280<\/b:OhPrintBlock> <b:NuDefaultUnits priv=\"1004\">1<\/b:NuDefaultUnits> <b:DptlPageDimensions type=\"OplPt\" priv=\"1211\"> <b:Xl priv=\"104\">7560000<\/b:Xl> <b:Yl priv=\"204\">10692000<\/b:Yl> <\/b:DptlPageDimensions> <b:DxlDefaultTab priv=\"1504\">359410<\/b:DxlDefaultTab> <b:OhGallery priv=\"180E\">259<\/b:OhGallery> <b:OhFancyBorders priv=\"190E\">261<\/b:OhFancyBorders> <b:OhCaptions priv=\"1A0E\">257<\/b:OhCaptions> <b:OhQuillDoc priv=\"200E\">275<\/b:OhQuillDoc> <b:OhMailMergeData priv=\"210E\">262<\/b:OhMailMergeData> <b:OhColorScheme priv=\"220E\">278<\/b:OhColorScheme> <b:DwNextUniqueOid priv=\"2304\">1<\/b:DwNextUniqueOid> <b:IdentGUID priv=\"2A07\">0M(6`0OC`HT&quot;NI9UEE`-[A@<\/b:IdentGUID> <b:DpgSpecial priv=\"2C03\">5<\/b:DpgSpecial> <b:CTimesEdited priv=\"3C04\">1<\/b:CTimesEdited> <b:NuDefaultUnitsEx priv=\"4104\">1<\/b:NuDefaultUnitsEx> <\/b:Publication> <b:PrinterInfo type=\"OplPrb\" oty=\"75\" oh=\"280\"> <b:OhColorSepBlock priv=\"30E\">281<\/b:OhColorSepBlock> <b:FInitComplete priv=\"1400\">False<\/b:FInitComplete> <b:DpiX priv=\"2203\">0<\/b:DpiX> <b:DpiY priv=\"2303\">0<\/b:DpiY> <\/b:PrinterInfo> <b:ColorSeperationInfo type=\"OplCsb\" oty=\"79\" oh=\"281\"> <b:Plates type=\"OplCsp\" priv=\"214\"> <b:OplCsp type=\"OplCsp\" priv=\"11\"> <b:EcpPlate type=\"OplEcp\" priv=\"213\"> <b:Color priv=\"104\">-1<\/b:Color> <\/b:EcpPlate> <\/b:OplCsp> <\/b:Plates> <b:DzlOverprintMost priv=\"304\">304800<\/b:DzlOverprintMost> <b:CprOverprintMin priv=\"404\">243<\/b:CprOverprintMin> <b:FKeepawayTrap priv=\"700\">True<\/b:FKeepawayTrap> <b:CprTrapMin1 priv=\"904\">128<\/b:CprTrapMin1> <b:CprTrapMin2 priv=\"A04\">77<\/b:CprTrapMin2> <b:CprKeepawayMin priv=\"B04\">255<\/b:CprKeepawayMin> <b:DzlTrap priv=\"C04\">3175<\/b:DzlTrap> <b:DzlIndTrap priv=\"D04\">3175<\/b:DzlIndTrap> <b:PctCenterline priv=\"E04\">70<\/b:PctCenterline> <b:FMarksRegistration priv=\"F00\">True<\/b:FMarksRegistration> <b:FMarksJob priv=\"1000\">True<\/b:FMarksJob> <b:FMarksDensity priv=\"1100\">True<\/b:FMarksDensity> <b:FMarksColor priv=\"1200\">True<\/b:FMarksColor> <b:FLineScreenDefault priv=\"1300\">True<\/b:FLineScreenDefault> <\/b:ColorSeperationInfo> <b:TextDocProperties type=\"OplDocq\" oty=\"91\" oh=\"275\"> <b:OhPlcqsb priv=\"20E\">277<\/b:OhPlcqsb> <b:EcpSplitMenu type=\"OplEcp\" priv=\"A13\"> <b:Color>134217728<\/b:Color> <\/b:EcpSplitMenu> <\/b:TextDocProperties> <b:StoryBlock type=\"OplPlcQsb\" oty=\"101\" oh=\"277\"> <b:IqsbMax priv=\"104\">1<\/b:IqsbMax> <b:Rgqsb type=\"OplQsb\" priv=\"214\"> <b:OplQsb type=\"OplQsb\" priv=\"11\"> <b:Qsid priv=\"104\">2<\/b:Qsid> <b:TomfCopyfitBase priv=\"80B\">-9999996.000000<\/b:TomfCopyfitBase> <b:TomfCopyfitBase2 priv=\"90B\">-9999996.000000<\/b:TomfCopyfitBase2> <\/b:OplQsb> <\/b:Rgqsb> <\/b:StoryBlock> <b:ColorScheme type=\"OplSccm\" oty=\"92\" oh=\"278\"> <b:Cecp priv=\"104\">8<\/b:Cecp> <b:Rgecp type=\"OplEcp\" priv=\"214\"> <b:OplEcp priv=\"F\">Empty<\/b:OplEcp> <b:OplEcp type=\"OplEcp\" priv=\"111\"> <b:Color>16711680<\/b:Color> <\/b:OplEcp> <b:OplEcp type=\"OplEcp\" priv=\"211\"> <b:Color>52479<\/b:Color> <\/b:OplEcp> <b:OplEcp type=\"OplEcp\" priv=\"311\"> <b:Color>26367<\/b:Color> <\/b:OplEcp> <b:OplEcp type=\"OplEcp\" priv=\"411\"> <b:Color>13421772<\/b:Color> <\/b:OplEcp> <b:OplEcp type=\"OplEcp\" priv=\"511\"> <b:Color>16737792<\/b:Color> <\/b:OplEcp> <b:OplEcp type=\"OplEcp\" priv=\"611\"> <b:Color>13382502<\/b:Color> <\/b:OplEcp> <b:OplEcp type=\"OplEcp\" priv=\"711\"> <b:Color>16777215<\/b:Color> <\/b:OplEcp> <\/b:Rgecp> <b:SzSchemeName priv=\"618\">H\u00fcttens\u00e4nger<\/b:SzSchemeName> <\/b:ColorScheme> <\/xml><![endif]--><!--[if pub]><xml> <b:Page type=\"OplPd\" oty=\"67\" oh=\"265\"> <b:PtlvOrigin type=\"OplPt\" priv=\"511\"> <b:Xl>22858575<\/b:Xl> <b:Yl>22852950<\/b:Yl> <\/b:PtlvOrigin> <b:Oid priv=\"605\">(`@`````````<\/b:Oid> <b:OhoplWebPageProps priv=\"90E\">266<\/b:OhoplWebPageProps> <b:OhpdMaster priv=\"D0D\">263<\/b:OhpdMaster> <b:PgtType priv=\"1004\">5<\/b:PgtType> <b:PtlvOriginEx type=\"OplPt\" priv=\"1111\"> <b:Xl>110183775<\/b:Xl> <b:Yl>110178150<\/b:Yl> <\/b:PtlvOriginEx> <\/b:Page> <\/xml><![endif]--><!--[if gte mso 9]><xml> <o:shapedefaults v:ext=\"edit\" spidmax=\"3075\" fill=\"f\" fillcolor=\"white [7]\"   strokecolor=\"black [0]\"> <v:fill color=\"white [7]\" color2=\"white [7]\" on=\"f\" \/> <v:stroke color=\"black [0]\" color2=\"white [7]\"> <o:left v:ext=\"view\" color=\"black [0]\" color2=\"white [7]\" \/> <o:top v:ext=\"view\" color=\"black [0]\" color2=\"white [7]\" \/> <o:right v:ext=\"view\" color=\"black [0]\" color2=\"white [7]\" \/> <o:bottom v:ext=\"view\" color=\"black [0]\" color2=\"white [7]\" \/> <o:column v:ext=\"view\" color=\"black [0]\" color2=\"white [7]\" \/> <\/v:stroke> <v:shadow color=\"#ccc [4]\" \/> <v:textbox inset=\"2.88pt,2.88pt,2.88pt,2.88pt\" \/> <o:colormenu v:ext=\"edit\" fillcolor=\"blue [1]\" strokecolor=\"black [0]\"    shadowcolor=\"#ccc [4]\" \/> <\/o:shapedefaults><o:shapelayout v:ext=\"edit\"> <o:idmap v:ext=\"edit\" data=\"1\" \/> <\/o:shapelayout><\/xml><![endif]--><\/p>\n<\/div>\n","protected":false},"excerpt":{"rendered":"<p>Verwirrend, unberechenbar, \u00fcberraschend \u2013 das ist Pfingsten. Nur f\u00fcr den Fall, dass Sie irgendwo erkl\u00e4ren sollen, was schwer zu erkl\u00e4ren ist.<\/p>\n","protected":false},"author":2,"featured_media":0,"comment_status":"closed","ping_status":"closed","sticky":false,"template":"","format":"standard","meta":{"footnotes":""},"categories":[1],"tags":[26],"class_list":["post-1772","post","type-post","status-publish","format-standard","hentry","category-allgemein","tag-glauben"],"_links":{"self":[{"href":"https:\/\/kirche-ostenfeld.de\/wordpress\/wp-json\/wp\/v2\/posts\/1772","targetHints":{"allow":["GET"]}}],"collection":[{"href":"https:\/\/kirche-ostenfeld.de\/wordpress\/wp-json\/wp\/v2\/posts"}],"about":[{"href":"https:\/\/kirche-ostenfeld.de\/wordpress\/wp-json\/wp\/v2\/types\/post"}],"author":[{"embeddable":true,"href":"https:\/\/kirche-ostenfeld.de\/wordpress\/wp-json\/wp\/v2\/users\/2"}],"replies":[{"embeddable":true,"href":"https:\/\/kirche-ostenfeld.de\/wordpress\/wp-json\/wp\/v2\/comments?post=1772"}],"version-history":[{"count":2,"href":"https:\/\/kirche-ostenfeld.de\/wordpress\/wp-json\/wp\/v2\/posts\/1772\/revisions"}],"predecessor-version":[{"id":1774,"href":"https:\/\/kirche-ostenfeld.de\/wordpress\/wp-json\/wp\/v2\/posts\/1772\/revisions\/1774"}],"wp:attachment":[{"href":"https:\/\/kirche-ostenfeld.de\/wordpress\/wp-json\/wp\/v2\/media?parent=1772"}],"wp:term":[{"taxonomy":"category","embeddable":true,"href":"https:\/\/kirche-ostenfeld.de\/wordpress\/wp-json\/wp\/v2\/categories?post=1772"},{"taxonomy":"post_tag","embeddable":true,"href":"https:\/\/kirche-ostenfeld.de\/wordpress\/wp-json\/wp\/v2\/tags?post=1772"}],"curies":[{"name":"wp","href":"https:\/\/api.w.org\/{rel}","templated":true}]}}