{"id":1710,"date":"2015-03-30T07:49:17","date_gmt":"2015-03-30T06:49:17","guid":{"rendered":"http:\/\/kirche-ostenfeld.de\/wordpress\/?p=1710"},"modified":"2015-03-30T07:49:41","modified_gmt":"2015-03-30T06:49:41","slug":"wasser","status":"publish","type":"post","link":"https:\/\/kirche-ostenfeld.de\/wordpress\/archives\/1710","title":{"rendered":"Wasser!"},"content":{"rendered":"<p>Der Gemeindenachmittag im April wird sicher nicht nass \u2013 aber er wird ganz im Zeichen des Wassers stehen. Es ist ein kostbares Gut, das da Tag f\u00fcr Tag aus der Leitung str\u00f6mt. Ohne Wasser gibt es kein Leben auf der Erde. Und wenn der Wasservorrat bei uns fast unersch\u00f6pflich scheint, so m\u00fcssen Menschen in anderen Teilen der Erde einen weiten Weg gehen, um einen Krug Wasser nach Hause zu tragen. Wir erfahren an diesem Nachmittag viel Wissenswertes \u00fcber das Wasser, singen vom Wasser und h\u00f6ren Wassergeschichten. Kaffee und Kuchen geh\u00f6ren nat\u00fcrlich auch dazu. Am 1. April (kein Scherz!) um 15 Uhr im Gemeindehaus.<\/p>\n","protected":false},"excerpt":{"rendered":"<p>Der Gemeindenachmittag im April wird sicher nicht nass \u2013 aber er wird ganz im Zeichen des Wassers stehen. Es ist ein kostbares Gut, das da Tag f\u00fcr Tag aus der Leitung str\u00f6mt. Ohne Wasser gibt es kein Leben auf der &hellip; <a href=\"https:\/\/kirche-ostenfeld.de\/wordpress\/archives\/1710\">Weiterlesen <span class=\"meta-nav\">&rarr;<\/span><\/a><\/p>\n","protected":false},"author":2,"featured_media":0,"comment_status":"closed","ping_status":"closed","sticky":false,"template":"","format":"standard","meta":{"footnotes":""},"categories":[1],"tags":[12,17,26],"class_list":["post-1710","post","type-post","status-publish","format-standard","hentry","category-allgemein","tag-angebote","tag-essen","tag-glauben"],"_links":{"self":[{"href":"https:\/\/kirche-ostenfeld.de\/wordpress\/wp-json\/wp\/v2\/posts\/1710","targetHints":{"allow":["GET"]}}],"collection":[{"href":"https:\/\/kirche-ostenfeld.de\/wordpress\/wp-json\/wp\/v2\/posts"}],"about":[{"href":"https:\/\/kirche-ostenfeld.de\/wordpress\/wp-json\/wp\/v2\/types\/post"}],"author":[{"embeddable":true,"href":"https:\/\/kirche-ostenfeld.de\/wordpress\/wp-json\/wp\/v2\/users\/2"}],"replies":[{"embeddable":true,"href":"https:\/\/kirche-ostenfeld.de\/wordpress\/wp-json\/wp\/v2\/comments?post=1710"}],"version-history":[{"count":3,"href":"https:\/\/kirche-ostenfeld.de\/wordpress\/wp-json\/wp\/v2\/posts\/1710\/revisions"}],"predecessor-version":[{"id":1713,"href":"https:\/\/kirche-ostenfeld.de\/wordpress\/wp-json\/wp\/v2\/posts\/1710\/revisions\/1713"}],"wp:attachment":[{"href":"https:\/\/kirche-ostenfeld.de\/wordpress\/wp-json\/wp\/v2\/media?parent=1710"}],"wp:term":[{"taxonomy":"category","embeddable":true,"href":"https:\/\/kirche-ostenfeld.de\/wordpress\/wp-json\/wp\/v2\/categories?post=1710"},{"taxonomy":"post_tag","embeddable":true,"href":"https:\/\/kirche-ostenfeld.de\/wordpress\/wp-json\/wp\/v2\/tags?post=1710"}],"curies":[{"name":"wp","href":"https:\/\/api.w.org\/{rel}","templated":true}]}}