{"id":1687,"date":"2015-03-22T09:45:31","date_gmt":"2015-03-22T08:45:31","guid":{"rendered":"http:\/\/kirche-ostenfeld.de\/wordpress\/?p=1687"},"modified":"2015-03-23T09:54:48","modified_gmt":"2015-03-23T08:54:48","slug":"ein-rundum-schones-fest","status":"publish","type":"post","link":"https:\/\/kirche-ostenfeld.de\/wordpress\/archives\/1687","title":{"rendered":"Ein rundum sch\u00f6nes Fest"},"content":{"rendered":"<p><a href=\"https:\/\/kirche-ostenfeld.de\/wordpress\/wp-content\/uploads\/2015\/03\/DSC_0003.jpg\"><img loading=\"lazy\" decoding=\"async\" class=\"alignleft size-medium wp-image-1688\" title=\"DSC_0003\" src=\"https:\/\/kirche-ostenfeld.de\/wordpress\/wp-content\/uploads\/2015\/03\/DSC_0003-300x199.jpg\" alt=\"\" width=\"300\" height=\"199\" srcset=\"https:\/\/kirche-ostenfeld.de\/wordpress\/wp-content\/uploads\/2015\/03\/DSC_0003-300x199.jpg 300w, https:\/\/kirche-ostenfeld.de\/wordpress\/wp-content\/uploads\/2015\/03\/DSC_0003.jpg 1024w\" sizes=\"auto, (max-width: 300px) 100vw, 300px\" \/><\/a>Mit einem sch\u00f6nen Gottesdienst in der vollbesetzten St. Petri-Kirche und einem festlichen Empfang im Gemeindehaus im Anschluss wurde Anfang M\u00e4rz in unserer Gemeinde die Verleihung des Ansgarkreuzes an zwei verdiente Gemeindeglieder gefeiert.<\/p>\n<p><!--more-->Dieses Dankeszeichen der Evangelisch-lutherischen Kirche in Norddeutschland wird f\u00fcr gro\u00dfen pers\u00f6nlichen Einsatz in der kirchlichen Arbeit und f\u00fcr vorbildliche F\u00f6rderung der Kirche und ihrer Werke und Einrichtungen verliehen. Die Nordkirche, der Kirchenkreis Nordfriesland und die Kirchengemeinde Ostenfeld bedanken sich damit bei Irmtraut Mitzkus und Siegfried Heinze!<\/p>\n<p>Der Propst unseres Kirchenkreises, J\u00fcrgen Jessen-Thiesen, \u00fcberbrachte die Ehrenzeichen h\u00f6chstpers\u00f6nlich und hielt die Laudatio. Darin betonte er die gute Entscheidung des Kirchengemeinderats und hob das umfassende Engagement der beiden Geehrten noch einmal ausf\u00fchrlich hervor:<\/p>\n<p>36 Jahre lang geh\u00f6rte Siegfried Heinze dem Kirchenvorstand (heute Kirchengemeinderat) Ostenfeld an, und er hat in dieser Zeit das Gemeindeleben vor allem durch seine engagierte Seniorenarbeit und durch die vielen, vielen Gemeindefahrten gepr\u00e4gt.<\/p>\n<p>Auch Irmtraut Mitzkus zeichnet eine gro\u00dfe Treue zu ihrer Kirchengemeinde aus, 22 Jahre lang leitete sie den Singkreis Ostenfeld-Winnert-Wittbek, motivierte viele, viele Menschen zum Singen, stand f\u00fcr musikalische Qualit\u00e4t und beschenkte die Zuh\u00f6rer Jahr f\u00fcr Jahr mit wunderbaren Konzerten, gemeinsam mit ihrem Chor.<\/p>\n<p>An diesen gelungenen Tag der Ehrung werden sicher viele noch gerne zur\u00fcck denken \u2013 auch, weil das Ansgarkreuz stellvertretend immer auch ein Dank sein will an alle, die sich im Raum der Kirche engagieren, sich einsetzen f\u00fcr die Menschen hier vor Ort und das Evangelium in die Welt tragen.<\/p>\n","protected":false},"excerpt":{"rendered":"<p>Mit einem sch\u00f6nen Gottesdienst in der vollbesetzten St. Petri-Kirche und einem festlichen Empfang im Gemeindehaus im Anschluss wurde Anfang M\u00e4rz in unserer Gemeinde die Verleihung des Ansgarkreuzes an zwei verdiente Gemeindeglieder gefeiert.<\/p>\n","protected":false},"author":2,"featured_media":0,"comment_status":"closed","ping_status":"closed","sticky":false,"template":"","format":"standard","meta":{"footnotes":""},"categories":[1],"tags":[27,17,26],"class_list":["post-1687","post","type-post","status-publish","format-standard","hentry","category-allgemein","tag-ehrenamt","tag-essen","tag-glauben"],"_links":{"self":[{"href":"https:\/\/kirche-ostenfeld.de\/wordpress\/wp-json\/wp\/v2\/posts\/1687","targetHints":{"allow":["GET"]}}],"collection":[{"href":"https:\/\/kirche-ostenfeld.de\/wordpress\/wp-json\/wp\/v2\/posts"}],"about":[{"href":"https:\/\/kirche-ostenfeld.de\/wordpress\/wp-json\/wp\/v2\/types\/post"}],"author":[{"embeddable":true,"href":"https:\/\/kirche-ostenfeld.de\/wordpress\/wp-json\/wp\/v2\/users\/2"}],"replies":[{"embeddable":true,"href":"https:\/\/kirche-ostenfeld.de\/wordpress\/wp-json\/wp\/v2\/comments?post=1687"}],"version-history":[{"count":4,"href":"https:\/\/kirche-ostenfeld.de\/wordpress\/wp-json\/wp\/v2\/posts\/1687\/revisions"}],"predecessor-version":[{"id":1696,"href":"https:\/\/kirche-ostenfeld.de\/wordpress\/wp-json\/wp\/v2\/posts\/1687\/revisions\/1696"}],"wp:attachment":[{"href":"https:\/\/kirche-ostenfeld.de\/wordpress\/wp-json\/wp\/v2\/media?parent=1687"}],"wp:term":[{"taxonomy":"category","embeddable":true,"href":"https:\/\/kirche-ostenfeld.de\/wordpress\/wp-json\/wp\/v2\/categories?post=1687"},{"taxonomy":"post_tag","embeddable":true,"href":"https:\/\/kirche-ostenfeld.de\/wordpress\/wp-json\/wp\/v2\/tags?post=1687"}],"curies":[{"name":"wp","href":"https:\/\/api.w.org\/{rel}","templated":true}]}}