{"id":1654,"date":"2015-01-20T11:32:15","date_gmt":"2015-01-20T10:32:15","guid":{"rendered":"http:\/\/kirche-ostenfeld.de\/wordpress\/?p=1654"},"modified":"2015-01-20T11:42:33","modified_gmt":"2015-01-20T10:42:33","slug":"1654","status":"publish","type":"post","link":"https:\/\/kirche-ostenfeld.de\/wordpress\/archives\/1654","title":{"rendered":"Abschied aus dem Ehrenamt"},"content":{"rendered":"<p><a href=\"https:\/\/kirche-ostenfeld.de\/wordpress\/wp-content\/uploads\/2015\/01\/Erich-Walter-k1.jpg\"><img loading=\"lazy\" decoding=\"async\" class=\"alignleft size-medium wp-image-1663\" title=\"Erich Walter k\" src=\"https:\/\/kirche-ostenfeld.de\/wordpress\/wp-content\/uploads\/2015\/01\/Erich-Walter-k1-201x300.jpg\" alt=\"\" width=\"201\" height=\"300\" srcset=\"https:\/\/kirche-ostenfeld.de\/wordpress\/wp-content\/uploads\/2015\/01\/Erich-Walter-k1-201x300.jpg 201w, https:\/\/kirche-ostenfeld.de\/wordpress\/wp-content\/uploads\/2015\/01\/Erich-Walter-k1.jpg 298w\" sizes=\"auto, (max-width: 201px) 100vw, 201px\" \/><\/a>Nach zw\u00f6lf Jahren scheidet Erich Walter aus pers\u00f6nlichen Gr\u00fcnden aus dem Kirchengemeinderat aus \u2013 vor allem ein beruflicher Wechsel macht diesen Schritt f\u00fcr ihn notwendig. Der Kirchengemeinderat bedauert diese Entscheidung sehr, respektiert sie aber nat\u00fcrlich und dankt Erich Walter herzlich f\u00fcr seinen langj\u00e4hrigen ehrenamtlichen Einsatz in der Kirchengemeinde! Im Interview mit Pastorin Annkatrin Kolbe erz\u00e4hlt er \u00fcber seine Zeit als Kirchenvorsteher.<\/p>\n<p><!--more--><em>Zw\u00f6lf Jahre sind eine lange Zeit. Erz\u00e4hl mal, wie es 2002 dazu kam, dass du Mitglied im Kirchenvorstand wurdest?<\/em><br \/>\nUnsere T\u00f6chter Kerstin und Johanna besuchten nacheinander den Kindergarten in Ostenfeld, dadurch hatte ich Kontakt zur Kirchengemeinde bekommen, zu anderen Kirchenvorstehern und zu Pastor Ralf Pehm\u00f6ller. Die damalige Kirchenvorsteherin Inge Petereit sprach mich an, ob ich nicht \u00fcber eine Kandidatur nachdenken wolle. Wenige Tage sp\u00e4ter kam der Anruf vom Pastor, der nach meiner Entscheidung fragte, weil die Liste der Kandidaten fertiggestellt werden musste. Da habe ich der Kandidatur zugestimmt und wurde auch gew\u00e4hlt. Anfang 2003 begann die Arbeit des neuen Kirchenvorstands.<em> <\/em><\/p>\n<p><em> <\/em><\/p>\n<p><em>Und nahm gleich Fahrt auf\u2026<\/em><br \/>\nJa, ich war von Anfang an Mitglied im Bauausschuss und auch dessen Vorsitzender, da stand dann 2003 gleich die Renovierung des Pastorats an. Daf\u00fcr habe ich die Ausschreibungen gemacht und die Ma\u00dfnahme begleitet. Pastor Pehm\u00f6ller verlie\u00df ja die Gemeinde bald, da galt es zun\u00e4chst eine l\u00e4ngere Vakanz zu \u00fcberbr\u00fccken. Die Pfarrstelle wurde ausgeschrieben, das Bewerbungsverfahren war sehr interessant. Und dann kam 2004 Pastor Kurt Riecke nach Ostenfeld. Da haben wir eine gute Entscheidung getroffen.<\/p>\n<p><em>In welchen Arbeitsbereichen und Aussch\u00fcssen warst du t\u00e4tig im Laufe deiner Amtszeit?<\/em><br \/>\nIch war lange Mitglied im Beirat der Kindertagesst\u00e4tte, auch als ich selbst keine Kinder mehr im Kindergartenalter hatte &#8230; Au\u00dferdem habe ich im Finanzausschuss, im Land- und Forstausschuss, im Kinder- und Jugendausschuss und im Estlandausschuss mitgearbeitet. Besonders die Gemeindepartnerschaft mit Kunda lag mir immer sehr am Herzen. Au\u00dferdem war ich Mitglied der Kirchenkreis-Synode \u2013 erst als Stellvertreter und seit 2009 als regul\u00e4rer Vertreter.<br \/>\n<em><br \/>\nHinzu kam die erste Estlandreise &#8230;<\/em><br \/>\nJa, da waren wir mit einigen Kirchenvorstehern unterwegs, das war wirklich einmalig. Die Gastfreundschaft, die wir in Kunda erfahren durften, hat uns sehr beeindruckt! Da denkt man gerne dran zur\u00fcck! Diese Patenschaft hat ja einige von uns sogar dazu bewogen Estnisch zu lernen!<br \/>\n<em><br \/>\nWas war dir wichtig an der Arbeit im Kirchenvorstand? Gibt es etwas, von dem du sagst \u201edas habe ich gelernt\u201c?<br \/>\n<\/em>Vor allem die guten und anregenden Diskussionen, die wir gef\u00fchrt haben, waren mir immer wichtig. Sie haben geholfen, sich eine Meinung zu bilden, sich in Themen einzuarbeiten \u2013 dabei ging es fair und tolerant zu. Das hat mir gefallen. Wir hatten ein tolles Miteinander.<br \/>\n<em><br \/>\nWelches war der sch\u00f6nste Moment in deiner Amtszeit als Kirchengemeinderat?<\/em><br \/>\nOh, das gab es mehrere: Die Konfirmationen meiner beiden T\u00f6chter geh\u00f6ren auf jeden Fall dazu. Bei beiden habe ich jeweils das Gru\u00dfwort des Kirchenvorstands im Gottesdienst sprechen d\u00fcrfen \u2013 vor allem beim ersten Mal war das ganz sch\u00f6n aufregend und etwas sehr Besonderes. Und dann wie gesagt, die Estlandreise &#8230;<br \/>\n<em><br \/>\nWelches war deiner Meinung nach die schwierigste Entscheidung, die ihr in deiner Zeit im Kirchengemeinderat f\u00e4llen musstet?<\/em><br \/>\nDen Beitritt zum Kindertagesst\u00e4ttenwerk Nordfriesland haben wir uns nicht leicht gemacht. Im ersten Anlauf, im Jahr 2009, gab es\u00a0 keine Mehrheit daf\u00fcr. Im vergangenen Jahr, f\u00fcnf Jahre sp\u00e4ter, hatte sich ja vieles ver\u00e4ndert, sowohl mit Blick auf die aufw\u00e4ndige Gesch\u00e4ftsf\u00fchrung der Kindertagesst\u00e4tte als auch mit Blick auf die Arbeit des Kita-Werkes. Wir haben da viel diskutiert, aber dann konnte dieser Schritt gegangen werden.<br \/>\nF\u00fcr mich pers\u00f6nlich war das Schwierigste die Entscheidung zur\u00fcckzutreten. Das ist mir wirklich nicht leicht gefallen. Denn dieses Ehrenamt war mir immer besonders wichtig. Im Vergleich zu anderen Ehren\u00e4mtern, die ich aus\u00fcbe, war es mit Abstand das beste! Der gute Austausch, den wir miteinander hatten, das Gef\u00fchl, etwas zu bewegen, das hat mir immer gut gefallen.<br \/>\n<em><br \/>\nWas hat sich ver\u00e4ndert im Laufe der Zeit?<\/em><br \/>\nZun\u00e4chst war da ja die Zusammensetzung des Kirchengemeinderats: Mit der Kirchenwahl 2008 schieden eine ganze Reihe der Mitglieder aus unterschiedlichen Gr\u00fcnden aus. Gott sei Dank gelang es uns immer wieder, neue Kandidaten zu gewinnen, so dass wir gut weiter arbeiten konnten. Au\u00dferdem wurde die Pfarrstelle wieder vakant: Pastor Riecke wurde 2010 Propst in Altholstein &#8230;<br \/>\nInsgesamt hat sich wohl das Arbeitsaufkommen ver\u00e4ndert. Fr\u00fcher war bei den Sitzungen genug Zeit, in der Pause miteinander zu essen und sich zu unterhalten, au\u00dferhalb der Tagesordnung. Das wurde sp\u00e4ter leider abgeschafft.<br \/>\n<em><br \/>\nDie Legislaturperiode des gegenw\u00e4rtigen Kirchengemeinderats w\u00e4re eigentlich 2014 zu Ende gewesen. Die Kirchenleitung hatte sie bis 2016 verl\u00e4ngert, um in allen Teilen der neuen Landeskirche den gleichen Wahlrhythmus zu haben. Du hast dich entschieden, dennoch jetzt zur\u00fcckzutreten \u2013 zu unserem gro\u00dfen Bedauern &#8230; Wir betrachten diese Entscheidung mit Respekt und vor allem mit gro\u00dfem Dank f\u00fcr das langj\u00e4hrige Engagement. Was wirst du mit der neuen freien Zeit tun?<br \/>\n<\/em>Im Moment bin ich beruflich sehr gefordert. In meiner neuen Arbeitsstelle geht es gerade darum, viel Neues zu lernen. Ich bin froh, wenn ich jetzt daf\u00fcr etwas Luft habe!<br \/>\n<em><br \/>\nVielen Dank f\u00fcr das Gespr\u00e4ch, Erich \u2013 wir w\u00fcnschen dir f\u00fcr die Zukunft alles Gute und Gottes Segen!<\/em><\/p>\n","protected":false},"excerpt":{"rendered":"<p>Nach zw\u00f6lf Jahren scheidet Erich Walter aus pers\u00f6nlichen Gr\u00fcnden aus dem Kirchengemeinderat aus \u2013 vor allem ein beruflicher Wechsel macht diesen Schritt f\u00fcr ihn notwendig. Der Kirchengemeinderat bedauert diese Entscheidung sehr, respektiert sie aber nat\u00fcrlich und dankt Erich Walter herzlich &hellip; <a href=\"https:\/\/kirche-ostenfeld.de\/wordpress\/archives\/1654\">Weiterlesen <span class=\"meta-nav\">&rarr;<\/span><\/a><\/p>\n","protected":false},"author":2,"featured_media":0,"comment_status":"closed","ping_status":"closed","sticky":false,"template":"","format":"standard","meta":{"footnotes":""},"categories":[1],"tags":[27,26,11],"class_list":["post-1654","post","type-post","status-publish","format-standard","hentry","category-allgemein","tag-ehrenamt","tag-glauben","tag-kirche"],"_links":{"self":[{"href":"https:\/\/kirche-ostenfeld.de\/wordpress\/wp-json\/wp\/v2\/posts\/1654","targetHints":{"allow":["GET"]}}],"collection":[{"href":"https:\/\/kirche-ostenfeld.de\/wordpress\/wp-json\/wp\/v2\/posts"}],"about":[{"href":"https:\/\/kirche-ostenfeld.de\/wordpress\/wp-json\/wp\/v2\/types\/post"}],"author":[{"embeddable":true,"href":"https:\/\/kirche-ostenfeld.de\/wordpress\/wp-json\/wp\/v2\/users\/2"}],"replies":[{"embeddable":true,"href":"https:\/\/kirche-ostenfeld.de\/wordpress\/wp-json\/wp\/v2\/comments?post=1654"}],"version-history":[{"count":10,"href":"https:\/\/kirche-ostenfeld.de\/wordpress\/wp-json\/wp\/v2\/posts\/1654\/revisions"}],"predecessor-version":[{"id":1667,"href":"https:\/\/kirche-ostenfeld.de\/wordpress\/wp-json\/wp\/v2\/posts\/1654\/revisions\/1667"}],"wp:attachment":[{"href":"https:\/\/kirche-ostenfeld.de\/wordpress\/wp-json\/wp\/v2\/media?parent=1654"}],"wp:term":[{"taxonomy":"category","embeddable":true,"href":"https:\/\/kirche-ostenfeld.de\/wordpress\/wp-json\/wp\/v2\/categories?post=1654"},{"taxonomy":"post_tag","embeddable":true,"href":"https:\/\/kirche-ostenfeld.de\/wordpress\/wp-json\/wp\/v2\/tags?post=1654"}],"curies":[{"name":"wp","href":"https:\/\/api.w.org\/{rel}","templated":true}]}}