{"id":1550,"date":"2014-11-25T09:29:41","date_gmt":"2014-11-25T08:29:41","guid":{"rendered":"http:\/\/kirche-ostenfeld.de\/wordpress\/?p=1550"},"modified":"2014-11-26T09:33:11","modified_gmt":"2014-11-26T08:33:11","slug":"1550","status":"publish","type":"post","link":"https:\/\/kirche-ostenfeld.de\/wordpress\/archives\/1550","title":{"rendered":"Lichterkinder f\u00fcr Dak Nong"},"content":{"rendered":"<p><a href=\"https:\/\/kirche-ostenfeld.de\/wordpress\/wp-content\/uploads\/2014\/11\/Netz-Vietnam-Kinder-3.jpg\"><img loading=\"lazy\" decoding=\"async\" class=\"alignleft size-medium wp-image-1551\" title=\"Netz Vietnam Kinder 3\" src=\"https:\/\/kirche-ostenfeld.de\/wordpress\/wp-content\/uploads\/2014\/11\/Netz-Vietnam-Kinder-3-300x200.jpg\" alt=\"\" width=\"300\" height=\"200\" srcset=\"https:\/\/kirche-ostenfeld.de\/wordpress\/wp-content\/uploads\/2014\/11\/Netz-Vietnam-Kinder-3-300x200.jpg 300w, https:\/\/kirche-ostenfeld.de\/wordpress\/wp-content\/uploads\/2014\/11\/Netz-Vietnam-Kinder-3.jpg 1024w\" sizes=\"auto, (max-width: 300px) 100vw, 300px\" \/><\/a>Niemand kann es \u00fcbersehen, der Herbst ist da. Die Tage werden k\u00fcrzer und dunkler. Ich vermute mal, so manch einer kann sich mit dieser dunklen Jahreszeit noch nicht so recht anfreunden. <!--more--><\/p>\n<p>Um den Abschied des Sommers, der W\u00e4rme und des Lichtes etwas zu erleichtern, schm\u00fccken wir unsere H\u00e4user mit herbstlicher Dekoration, und die ersten Kerzen leuchten in der Dunkelheit. Eine Atmosph\u00e4re der Ruhe und Gem\u00fctlichkeit zieht in unsere H\u00e4user und in uns ein.<\/p>\n<p>Die Mitarbeiterinnen aus der Kita sind den Jahreszeiten schon immer ein wenig voraus und befinden sich jetzt schon in den Vor\u00fcberlegungen und Planungen der anfallenden Feste, wie z.B. das St. Martinsfest.<br \/>\nAm 11. November veranstalten viele Kindertagesst\u00e4tten und Schulen zu St. Martin Laternenumz\u00fcge. Unter dem Motto \u201eLichterkinder\u201c haben wir uns entschieden eine Spendenaktion von World Vision zu unterst\u00fctzen.<\/p>\n<p><a href=\"https:\/\/kirche-ostenfeld.de\/wordpress\/wp-content\/uploads\/2014\/11\/Netz-Vietnam-Kinder-1.jpg\"><img loading=\"lazy\" decoding=\"async\" class=\"alignright size-medium wp-image-1552\" title=\"Netz Vietnam Kinder 1\" src=\"https:\/\/kirche-ostenfeld.de\/wordpress\/wp-content\/uploads\/2014\/11\/Netz-Vietnam-Kinder-1-300x200.jpg\" alt=\"\" width=\"300\" height=\"200\" srcset=\"https:\/\/kirche-ostenfeld.de\/wordpress\/wp-content\/uploads\/2014\/11\/Netz-Vietnam-Kinder-1-300x200.jpg 300w, https:\/\/kirche-ostenfeld.de\/wordpress\/wp-content\/uploads\/2014\/11\/Netz-Vietnam-Kinder-1.jpg 1024w\" sizes=\"auto, (max-width: 300px) 100vw, 300px\" \/><\/a>Mit der Lichterkinder-Aktion in ganz Deutschland sammeln wir in diesem Jahr f\u00fcr die Kinder in Dak Nong. Das ist eine Gegend im Hochland von Vietnam. Die Leute in Dak Nong w\u00fcnschen sich f\u00fcr ihre Kinder einen Kindergarten mit flie\u00dfendem Wasser, K\u00fcche und Toiletten. Etwas, was f\u00fcr uns ganz normal und selbstverst\u00e4ndlich ist. Mit dieser Aktion wollen wir das Interesse der Kinder f\u00fcr das Thema Teilen wecken und gemeinsam ein Zeichen gegen Armut setzen.<br \/>\nWo liegt Vietnam, wie leben dort die Menschen, was gibt es da zu essen, was f\u00fcr Spiele spielen die Kinder in Vietnam, was f\u00fcr Tiere leben dort \u2026 Es gibt viele spannende Fragen zu diesem Land.<\/p>\n<p>Rund um das St. Martinsfest werden wir mit den Kindern spielerisch Vietnam entdecken und drei typische vietnamesische Laternen mit den Kindern und deren Eltern basteln.<br \/>\nAu\u00dferdem haben wir mit den Kindern Spendendosen hergestellt, diese auch beim Kaufmann, in der Bank und in der Arztpraxis aufgestellt, um Ihnen die M\u00f6glichkeit zu geben sich an unserer Spendenaktion zu beteiligen.<br \/>\nDer F\u00f6rderverein der Kita Ostenfeld hat sich ebenfalls an dieser Aktion beteiligt und uns mit einer kleinen vietnamesischen Leckerei am 11. November \u00fcberrascht.<\/p>\n<p><a href=\"https:\/\/kirche-ostenfeld.de\/wordpress\/wp-content\/uploads\/2014\/11\/Netz-Vietnam-Kinder-2.jpg\"><img loading=\"lazy\" decoding=\"async\" class=\"alignleft size-medium wp-image-1553\" title=\"Netz Vietnam Kinder 2\" src=\"https:\/\/kirche-ostenfeld.de\/wordpress\/wp-content\/uploads\/2014\/11\/Netz-Vietnam-Kinder-2-300x200.jpg\" alt=\"\" width=\"300\" height=\"200\" srcset=\"https:\/\/kirche-ostenfeld.de\/wordpress\/wp-content\/uploads\/2014\/11\/Netz-Vietnam-Kinder-2-300x200.jpg 300w, https:\/\/kirche-ostenfeld.de\/wordpress\/wp-content\/uploads\/2014\/11\/Netz-Vietnam-Kinder-2.jpg 1024w\" sizes=\"auto, (max-width: 300px) 100vw, 300px\" \/><\/a>Und dann war es endlich so weit. Am St. Martinstag haben wir am Abend unsere T\u00fcren ge\u00f6ffnet und die Kinder haben ihre Eltern mit einem Drachentanz \u00fcberrascht. Und dann war es endlich soweit. Mit selbstgebastelten Laternen und Gesang startete unser Laternenumzug.<\/p>\n<p>Ich w\u00fcnsche Ihnen und Ihrer Familie eine gute Zeit, Gesundheit, Frohsinn und eine riesige Portion Gelassenheit.<\/p>\n<p>Mit freundlichen Gr\u00fc\u00dfen aller Mitarbeiterinnen<br \/>\nIhre Renate Schmitz<\/p>\n","protected":false},"excerpt":{"rendered":"<p>Niemand kann es \u00fcbersehen, der Herbst ist da. Die Tage werden k\u00fcrzer und dunkler. Ich vermute mal, so manch einer kann sich mit dieser dunklen Jahreszeit noch nicht so recht anfreunden.<\/p>\n","protected":false},"author":2,"featured_media":0,"comment_status":"closed","ping_status":"closed","sticky":false,"template":"","format":"standard","meta":{"footnotes":""},"categories":[1],"tags":[3],"class_list":["post-1550","post","type-post","status-publish","format-standard","hentry","category-allgemein","tag-kinder"],"_links":{"self":[{"href":"https:\/\/kirche-ostenfeld.de\/wordpress\/wp-json\/wp\/v2\/posts\/1550","targetHints":{"allow":["GET"]}}],"collection":[{"href":"https:\/\/kirche-ostenfeld.de\/wordpress\/wp-json\/wp\/v2\/posts"}],"about":[{"href":"https:\/\/kirche-ostenfeld.de\/wordpress\/wp-json\/wp\/v2\/types\/post"}],"author":[{"embeddable":true,"href":"https:\/\/kirche-ostenfeld.de\/wordpress\/wp-json\/wp\/v2\/users\/2"}],"replies":[{"embeddable":true,"href":"https:\/\/kirche-ostenfeld.de\/wordpress\/wp-json\/wp\/v2\/comments?post=1550"}],"version-history":[{"count":3,"href":"https:\/\/kirche-ostenfeld.de\/wordpress\/wp-json\/wp\/v2\/posts\/1550\/revisions"}],"predecessor-version":[{"id":1556,"href":"https:\/\/kirche-ostenfeld.de\/wordpress\/wp-json\/wp\/v2\/posts\/1550\/revisions\/1556"}],"wp:attachment":[{"href":"https:\/\/kirche-ostenfeld.de\/wordpress\/wp-json\/wp\/v2\/media?parent=1550"}],"wp:term":[{"taxonomy":"category","embeddable":true,"href":"https:\/\/kirche-ostenfeld.de\/wordpress\/wp-json\/wp\/v2\/categories?post=1550"},{"taxonomy":"post_tag","embeddable":true,"href":"https:\/\/kirche-ostenfeld.de\/wordpress\/wp-json\/wp\/v2\/tags?post=1550"}],"curies":[{"name":"wp","href":"https:\/\/api.w.org\/{rel}","templated":true}]}}