{"id":1118,"date":"2013-07-05T08:33:02","date_gmt":"2013-07-05T07:33:02","guid":{"rendered":"http:\/\/kirche-ostenfeld.de\/wordpress\/?p=1118"},"modified":"2013-08-16T08:35:42","modified_gmt":"2013-08-16T07:35:42","slug":"ein-dom-der-keiner-ist","status":"publish","type":"post","link":"https:\/\/kirche-ostenfeld.de\/wordpress\/archives\/1118","title":{"rendered":"Ein Dom, der keiner ist"},"content":{"rendered":"<p><a href=\"https:\/\/kirche-ostenfeld.de\/wordpress\/wp-content\/uploads\/2013\/08\/Besuch-mich.-u.-Dan.-und-Meldorfer-Dom-018.jpg\"><img loading=\"lazy\" decoding=\"async\" class=\"alignleft size-medium wp-image-1119\" title=\"Besuch mich. u. Dan. und Meldorfer Dom 018\" src=\"https:\/\/kirche-ostenfeld.de\/wordpress\/wp-content\/uploads\/2013\/08\/Besuch-mich.-u.-Dan.-und-Meldorfer-Dom-018-300x225.jpg\" alt=\"\" width=\"300\" height=\"225\" srcset=\"https:\/\/kirche-ostenfeld.de\/wordpress\/wp-content\/uploads\/2013\/08\/Besuch-mich.-u.-Dan.-und-Meldorfer-Dom-018-300x225.jpg 300w, https:\/\/kirche-ostenfeld.de\/wordpress\/wp-content\/uploads\/2013\/08\/Besuch-mich.-u.-Dan.-und-Meldorfer-Dom-018.jpg 1024w\" sizes=\"auto, (max-width: 300px) 100vw, 300px\" \/><\/a>Unser \u201eBlick \u00fcber den Tellerrand\u201c galt im Juni dem \u201eDom\u201c in Meldorf. Im Gegensatz zur Mai-Fahrt spielte dieses Mal das Wetter sehr gut mit. Ausnahmsweise fuhren wir alle gemeinsam in einem Bus; und als wir Dithmarschen erreichten, gab uns Frau J\u00f6ns \u00fcber ihre Heimat interessante Informationen, die bis in die Kriegszeit vor ca. 70 Jahren zur\u00fcckreichten.<\/p>\n<p><!--more-->Wir waren p\u00fcnktlich in Meldorf und konnten noch einen Eindruck von der Ausstellung in der Dom-Goldschmiede gewinnen, bevor f\u00fcr uns eine anschauliche und spannende F\u00fchrung im \u201eDom\u201c begann, der eigentlich kein Dom ist, denn er war nie eine Bischofskirche, sondern hei\u00dft genau genommen \u201eJohanneskirche\u201c. Der im 13. Jahrhundert im romanischen Stil begonnene Bau wurde mehrfach ver\u00e4ndert, erweitert und renoviert und wird heute als \u201eNieders\u00e4chsische Bauerngotik\u201c bezeichnet. Er enth\u00e4lt Sch\u00e4tze aus verschiedenen Epochen:In den Kuppelgew\u00f6lben wurden 1991 wertvolle Malereien freigelegt, weitere Sch\u00e4tze sind die Bronzetaufe in Form einer Glocke aus dem 13. Jahrhundert, der geschnitzte Altaraufsatz aus dem Mittelalter, das aus Eichenholz geschnitzte Chorgitter und die m\u00e4chtige Kanzel, die erst nach der Reformation geschnitzt worden ist und durch ihre Gr\u00f6\u00dfe und Ausstattung deutlich macht, da\u00df im evangelischen Gottesdienst die Predigt im Mittelpunkt steht.<\/p>\n<p>Erst aus dem 20. Jahrhundert stammen die Marcussen-Orgel und die modernen bunten Fensterbilder, die zun\u00e4chst irritieren und fremd wirken in dem historischen Umfeld. Man braucht schon eine gewisse Zeit und Unterst\u00fctzung, um die vielfachen Deutungsm\u00f6glichkeiten zu erkennen.<\/p>\n<p>Nach einer wohlverdienten Pause im nahegelegenen Dom-Caf\u00e9 bei Kaffee und Kuchen ging die Fahrt zur\u00fcck, wobei der Busfahrer nach Vorschl\u00e4gen von Frau J\u00f6ns einen anderen Weg fuhr durch ein abwechslungsreiches Dithmarschen.<\/p>\n<p>Ich hoffe, es war f\u00fcr alle eine gelungene Fahrt.<\/p>\n<p>Ingeburg Backsen<\/p>\n","protected":false},"excerpt":{"rendered":"<p>Unser \u201eBlick \u00fcber den Tellerrand\u201c galt im Juni dem \u201eDom\u201c in Meldorf. Im Gegensatz zur Mai-Fahrt spielte dieses Mal das Wetter sehr gut mit. Ausnahmsweise fuhren wir alle gemeinsam in einem Bus; und als wir Dithmarschen erreichten, gab uns Frau &hellip; <a href=\"https:\/\/kirche-ostenfeld.de\/wordpress\/archives\/1118\">Weiterlesen <span class=\"meta-nav\">&rarr;<\/span><\/a><\/p>\n","protected":false},"author":2,"featured_media":0,"comment_status":"closed","ping_status":"closed","sticky":false,"template":"","format":"standard","meta":{"footnotes":""},"categories":[1],"tags":[20,22],"class_list":["post-1118","post","type-post","status-publish","format-standard","hentry","category-allgemein","tag-draussen","tag-unterwegs"],"_links":{"self":[{"href":"https:\/\/kirche-ostenfeld.de\/wordpress\/wp-json\/wp\/v2\/posts\/1118","targetHints":{"allow":["GET"]}}],"collection":[{"href":"https:\/\/kirche-ostenfeld.de\/wordpress\/wp-json\/wp\/v2\/posts"}],"about":[{"href":"https:\/\/kirche-ostenfeld.de\/wordpress\/wp-json\/wp\/v2\/types\/post"}],"author":[{"embeddable":true,"href":"https:\/\/kirche-ostenfeld.de\/wordpress\/wp-json\/wp\/v2\/users\/2"}],"replies":[{"embeddable":true,"href":"https:\/\/kirche-ostenfeld.de\/wordpress\/wp-json\/wp\/v2\/comments?post=1118"}],"version-history":[{"count":2,"href":"https:\/\/kirche-ostenfeld.de\/wordpress\/wp-json\/wp\/v2\/posts\/1118\/revisions"}],"predecessor-version":[{"id":1121,"href":"https:\/\/kirche-ostenfeld.de\/wordpress\/wp-json\/wp\/v2\/posts\/1118\/revisions\/1121"}],"wp:attachment":[{"href":"https:\/\/kirche-ostenfeld.de\/wordpress\/wp-json\/wp\/v2\/media?parent=1118"}],"wp:term":[{"taxonomy":"category","embeddable":true,"href":"https:\/\/kirche-ostenfeld.de\/wordpress\/wp-json\/wp\/v2\/categories?post=1118"},{"taxonomy":"post_tag","embeddable":true,"href":"https:\/\/kirche-ostenfeld.de\/wordpress\/wp-json\/wp\/v2\/tags?post=1118"}],"curies":[{"name":"wp","href":"https:\/\/api.w.org\/{rel}","templated":true}]}}