{"id":1019,"date":"2013-06-06T09:24:06","date_gmt":"2013-06-06T08:24:06","guid":{"rendered":"http:\/\/kirche-ostenfeld.de\/wordpress\/?p=1019"},"modified":"2013-06-06T09:40:07","modified_gmt":"2013-06-06T08:40:07","slug":"konfirmandenanmeldung","status":"publish","type":"post","link":"https:\/\/kirche-ostenfeld.de\/wordpress\/archives\/1019","title":{"rendered":"Konfirmandenanmeldung"},"content":{"rendered":"<p>Nach den Sommerferien geht es wieder los mit dem Unterricht f\u00fcr die neuen Konfirmanden! Jugendliche, die im Fr\u00fchjahr 2015 konfirmiert werden m\u00f6chten und dann mindestens 14 Jahre alt sind, kommen bitte am Dienstag, dem 11. Juni um 19.30 Uhr mit einem Elternteil oder einem Erziehungsberechtigten zu einem Informationsabend in den Gemeindesaal. Anschlie\u00dfend k\u00f6nnen die Jugendlichen dann zum Unterricht angemeldet werden. Mitzubringen sind dazu die Geburtsurkunde und (falls vorhanden) die Taufbescheinigung. Wir freuen uns auf euch!<\/p>\n","protected":false},"excerpt":{"rendered":"<p>Nach den Sommerferien geht es wieder los mit dem Unterricht f\u00fcr die neuen Konfirmanden! Jugendliche, die im Fr\u00fchjahr 2015 konfirmiert werden m\u00f6chten und dann mindestens 14 Jahre alt sind, kommen bitte am Dienstag, dem 11. Juni um 19.30 Uhr mit &hellip; <a href=\"https:\/\/kirche-ostenfeld.de\/wordpress\/archives\/1019\">Weiterlesen <span class=\"meta-nav\">&rarr;<\/span><\/a><\/p>\n","protected":false},"author":2,"featured_media":0,"comment_status":"closed","ping_status":"closed","sticky":false,"template":"","format":"standard","meta":{"footnotes":""},"categories":[1],"tags":[12,26,25],"class_list":["post-1019","post","type-post","status-publish","format-standard","hentry","category-allgemein","tag-angebote","tag-glauben","tag-jugend"],"_links":{"self":[{"href":"https:\/\/kirche-ostenfeld.de\/wordpress\/wp-json\/wp\/v2\/posts\/1019","targetHints":{"allow":["GET"]}}],"collection":[{"href":"https:\/\/kirche-ostenfeld.de\/wordpress\/wp-json\/wp\/v2\/posts"}],"about":[{"href":"https:\/\/kirche-ostenfeld.de\/wordpress\/wp-json\/wp\/v2\/types\/post"}],"author":[{"embeddable":true,"href":"https:\/\/kirche-ostenfeld.de\/wordpress\/wp-json\/wp\/v2\/users\/2"}],"replies":[{"embeddable":true,"href":"https:\/\/kirche-ostenfeld.de\/wordpress\/wp-json\/wp\/v2\/comments?post=1019"}],"version-history":[{"count":4,"href":"https:\/\/kirche-ostenfeld.de\/wordpress\/wp-json\/wp\/v2\/posts\/1019\/revisions"}],"predecessor-version":[{"id":1040,"href":"https:\/\/kirche-ostenfeld.de\/wordpress\/wp-json\/wp\/v2\/posts\/1019\/revisions\/1040"}],"wp:attachment":[{"href":"https:\/\/kirche-ostenfeld.de\/wordpress\/wp-json\/wp\/v2\/media?parent=1019"}],"wp:term":[{"taxonomy":"category","embeddable":true,"href":"https:\/\/kirche-ostenfeld.de\/wordpress\/wp-json\/wp\/v2\/categories?post=1019"},{"taxonomy":"post_tag","embeddable":true,"href":"https:\/\/kirche-ostenfeld.de\/wordpress\/wp-json\/wp\/v2\/tags?post=1019"}],"curies":[{"name":"wp","href":"https:\/\/api.w.org\/{rel}","templated":true}]}}